{"id":9878,"date":"2025-03-07T13:25:10","date_gmt":"2025-03-07T19:25:10","guid":{"rendered":"https:\/\/viajamagazine.com\/?p=9878"},"modified":"2025-03-07T19:25:11","modified_gmt":"2025-03-07T19:25:11","slug":"dos-sesiones-china-beijing-xi-jinping-ccppch-reunion-de-grupo-conjunta-4","status":"publish","type":"post","link":"https:\/\/viajamagazine.com\/?p=9878","title":{"rendered":"(DOS SESIONES) CHINA-BEIJING-XI JINPING-CCPPCh-REUNION DE GRUPO CONJUNTA"},"content":{"rendered":"<div class=\"el-scrollbar__wrap\">\n<div class=\"el-scrollbar__view\">\n<div class=\"news-content\" data-v-1eda797c=\"\">(250306) &#8212; BEIJING, 6 marzo, 2025 (Xinhua) &#8212; El presidente chino, Xi Jinping, tambi\u00e9n secretario general del Comit\u00e9 Central del Partido Comunista de China y presidente de la Comisi\u00f3n Militar Central, visita a asesores pol\u00edticos nacionales de la Liga Democr\u00e1tica de China, la Asociaci\u00f3n para la Promoci\u00f3n de la Democracia de China y el sector educativo, que asisten a la tercera sesi\u00f3n del XIV Comit\u00e9 Nacional de la Conferencia Consultiva Pol\u00edtica del Pueblo Chino (CCPPCh), en Beijing, capital de China, el 6 de marzo de 2025. Xi asisti\u00f3 a la reuni\u00f3n de grupo conjunta, y escuch\u00f3 sus comentarios y sugerencias. (Xinhua\/Xie Huanchi) (jg) (ah) (ce)<\/div>\n<\/div>\n<\/div>\n<div class=\"el-scrollbar__bar is-horizontal\"><\/div>\n","protected":false},"excerpt":{"rendered":"<p>(250306) &#8212; BEIJING, 6 marzo, 2025 (Xinhua) &#8212; El presidente chino, Xi Jinping, tambi\u00e9n secretario&#8230;<\/p>\n","protected":false},"author":1,"featured_media":9880,"comment_status":"open","ping_status":"closed","sticky":false,"template":"","format":"standard","meta":{"footnotes":""},"categories":[2],"tags":[],"class_list":["post-9878","post","type-post","status-publish","format-standard","has-post-thumbnail","hentry","category-internacional"],"_links":{"self":[{"href":"https:\/\/viajamagazine.com\/index.php?rest_route=\/wp\/v2\/posts\/9878","targetHints":{"allow":["GET"]}}],"collection":[{"href":"https:\/\/viajamagazine.com\/index.php?rest_route=\/wp\/v2\/posts"}],"about":[{"href":"https:\/\/viajamagazine.com\/index.php?rest_route=\/wp\/v2\/types\/post"}],"author":[{"embeddable":true,"href":"https:\/\/viajamagazine.com\/index.php?rest_route=\/wp\/v2\/users\/1"}],"replies":[{"embeddable":true,"href":"https:\/\/viajamagazine.com\/index.php?rest_route=%2Fwp%2Fv2%2Fcomments&post=9878"}],"version-history":[{"count":1,"href":"https:\/\/viajamagazine.com\/index.php?rest_route=\/wp\/v2\/posts\/9878\/revisions"}],"predecessor-version":[{"id":9879,"href":"https:\/\/viajamagazine.com\/index.php?rest_route=\/wp\/v2\/posts\/9878\/revisions\/9879"}],"wp:featuredmedia":[{"embeddable":true,"href":"https:\/\/viajamagazine.com\/index.php?rest_route=\/wp\/v2\/media\/9880"}],"wp:attachment":[{"href":"https:\/\/viajamagazine.com\/index.php?rest_route=%2Fwp%2Fv2%2Fmedia&parent=9878"}],"wp:term":[{"taxonomy":"category","embeddable":true,"href":"https:\/\/viajamagazine.com\/index.php?rest_route=%2Fwp%2Fv2%2Fcategories&post=9878"},{"taxonomy":"post_tag","embeddable":true,"href":"https:\/\/viajamagazine.com\/index.php?rest_route=%2Fwp%2Fv2%2Ftags&post=9878"}],"curies":[{"name":"wp","href":"https:\/\/api.w.org\/{rel}","templated":true}]}}