{"id":9507,"date":"2025-03-06T14:04:58","date_gmt":"2025-03-06T20:04:58","guid":{"rendered":"https:\/\/viajamagazine.com\/?p=9507"},"modified":"2025-03-06T20:04:59","modified_gmt":"2025-03-06T20:04:59","slug":"uruguay-montevideo-ministerio-de-economia-ceremonia","status":"publish","type":"post","link":"https:\/\/viajamagazine.com\/?p=9507","title":{"rendered":"URUGUAY-MONTEVIDEO-MINISTERIO DE ECONOMIA-CEREMONIA"},"content":{"rendered":"<div class=\"el-scrollbar__wrap\">\n<div class=\"el-scrollbar__view\">\n<div class=\"news-content\" data-v-1eda797c=\"\">(250305) &#8212; MONTEVIDEO, 5 marzo, 2025 (Xinhua) &#8212; Gabriel Oddone asiste a la ceremonia de su asunci\u00f3n como ministro de Econom\u00eda y Finanzas uruguayo, en la sede del Ministerio de Econom\u00eda y Finanzas, en Montevideo, capital de Uruguay, el 5 de marzo de 2025. (Xinhua\/Nicola\u0301s Celaya) (nc) (jg) (ah) (vf)<\/div>\n<\/div>\n<\/div>\n<div class=\"el-scrollbar__bar is-horizontal\"><\/div>\n","protected":false},"excerpt":{"rendered":"<p>(250305) &#8212; MONTEVIDEO, 5 marzo, 2025 (Xinhua) &#8212; Gabriel Oddone asiste a la ceremonia de&#8230;<\/p>\n","protected":false},"author":1,"featured_media":9509,"comment_status":"open","ping_status":"closed","sticky":false,"template":"","format":"standard","meta":{"footnotes":""},"categories":[2],"tags":[],"class_list":["post-9507","post","type-post","status-publish","format-standard","has-post-thumbnail","hentry","category-internacional"],"_links":{"self":[{"href":"https:\/\/viajamagazine.com\/index.php?rest_route=\/wp\/v2\/posts\/9507","targetHints":{"allow":["GET"]}}],"collection":[{"href":"https:\/\/viajamagazine.com\/index.php?rest_route=\/wp\/v2\/posts"}],"about":[{"href":"https:\/\/viajamagazine.com\/index.php?rest_route=\/wp\/v2\/types\/post"}],"author":[{"embeddable":true,"href":"https:\/\/viajamagazine.com\/index.php?rest_route=\/wp\/v2\/users\/1"}],"replies":[{"embeddable":true,"href":"https:\/\/viajamagazine.com\/index.php?rest_route=%2Fwp%2Fv2%2Fcomments&post=9507"}],"version-history":[{"count":1,"href":"https:\/\/viajamagazine.com\/index.php?rest_route=\/wp\/v2\/posts\/9507\/revisions"}],"predecessor-version":[{"id":9508,"href":"https:\/\/viajamagazine.com\/index.php?rest_route=\/wp\/v2\/posts\/9507\/revisions\/9508"}],"wp:featuredmedia":[{"embeddable":true,"href":"https:\/\/viajamagazine.com\/index.php?rest_route=\/wp\/v2\/media\/9509"}],"wp:attachment":[{"href":"https:\/\/viajamagazine.com\/index.php?rest_route=%2Fwp%2Fv2%2Fmedia&parent=9507"}],"wp:term":[{"taxonomy":"category","embeddable":true,"href":"https:\/\/viajamagazine.com\/index.php?rest_route=%2Fwp%2Fv2%2Fcategories&post=9507"},{"taxonomy":"post_tag","embeddable":true,"href":"https:\/\/viajamagazine.com\/index.php?rest_route=%2Fwp%2Fv2%2Ftags&post=9507"}],"curies":[{"name":"wp","href":"https:\/\/api.w.org\/{rel}","templated":true}]}}