{"id":9378,"date":"2025-03-06T13:35:12","date_gmt":"2025-03-06T19:35:12","guid":{"rendered":"https:\/\/viajamagazine.com\/?p=9378"},"modified":"2025-03-06T19:35:13","modified_gmt":"2025-03-06T19:35:13","slug":"dos-sesiones-china-beijing-ding-xuexiang-apn-deliberacion","status":"publish","type":"post","link":"https:\/\/viajamagazine.com\/?p=9378","title":{"rendered":"(DOS SESIONES) CHINA-BEIJING-DING XUEXIANG-APN-DELIBERACION"},"content":{"rendered":"<div class=\"el-scrollbar__wrap\">\n<div class=\"el-scrollbar__view\">\n<div class=\"news-content\" data-v-1eda797c=\"\">(250305) &#8212; BEIJING, 5 marzo, 2025 (Xinhua) &#8212; Ding Xuexiang, miembro del Comit\u00e9 Permanente del Bur\u00f3 Pol\u00edtico del Comit\u00e9 Central del Partido Comunista de China y vice primer ministro chino, participa en la deliberaci\u00f3n de sus colegas diputados de la provincia de Liaoning en la tercera sesi\u00f3n de la XIV Asamblea Popular Nacional (APN), en Beijing, capital de China, el 5 de marzo de 2025. (Xinhua\/Pang Xinglei) (jg) (ah) (ce)<\/div>\n<\/div>\n<\/div>\n<div class=\"el-scrollbar__bar is-horizontal\"><\/div>\n","protected":false},"excerpt":{"rendered":"<p>(250305) &#8212; BEIJING, 5 marzo, 2025 (Xinhua) &#8212; Ding Xuexiang, miembro del Comit\u00e9 Permanente del&#8230;<\/p>\n","protected":false},"author":1,"featured_media":9380,"comment_status":"open","ping_status":"closed","sticky":false,"template":"","format":"standard","meta":{"footnotes":""},"categories":[2],"tags":[],"class_list":["post-9378","post","type-post","status-publish","format-standard","has-post-thumbnail","hentry","category-internacional"],"_links":{"self":[{"href":"https:\/\/viajamagazine.com\/index.php?rest_route=\/wp\/v2\/posts\/9378","targetHints":{"allow":["GET"]}}],"collection":[{"href":"https:\/\/viajamagazine.com\/index.php?rest_route=\/wp\/v2\/posts"}],"about":[{"href":"https:\/\/viajamagazine.com\/index.php?rest_route=\/wp\/v2\/types\/post"}],"author":[{"embeddable":true,"href":"https:\/\/viajamagazine.com\/index.php?rest_route=\/wp\/v2\/users\/1"}],"replies":[{"embeddable":true,"href":"https:\/\/viajamagazine.com\/index.php?rest_route=%2Fwp%2Fv2%2Fcomments&post=9378"}],"version-history":[{"count":1,"href":"https:\/\/viajamagazine.com\/index.php?rest_route=\/wp\/v2\/posts\/9378\/revisions"}],"predecessor-version":[{"id":9379,"href":"https:\/\/viajamagazine.com\/index.php?rest_route=\/wp\/v2\/posts\/9378\/revisions\/9379"}],"wp:featuredmedia":[{"embeddable":true,"href":"https:\/\/viajamagazine.com\/index.php?rest_route=\/wp\/v2\/media\/9380"}],"wp:attachment":[{"href":"https:\/\/viajamagazine.com\/index.php?rest_route=%2Fwp%2Fv2%2Fmedia&parent=9378"}],"wp:term":[{"taxonomy":"category","embeddable":true,"href":"https:\/\/viajamagazine.com\/index.php?rest_route=%2Fwp%2Fv2%2Fcategories&post=9378"},{"taxonomy":"post_tag","embeddable":true,"href":"https:\/\/viajamagazine.com\/index.php?rest_route=%2Fwp%2Fv2%2Ftags&post=9378"}],"curies":[{"name":"wp","href":"https:\/\/api.w.org\/{rel}","templated":true}]}}