{"id":9175,"date":"2025-03-06T12:37:05","date_gmt":"2025-03-06T18:37:05","guid":{"rendered":"https:\/\/viajamagazine.com\/?p=9175"},"modified":"2025-03-06T18:37:06","modified_gmt":"2025-03-06T18:37:06","slug":"tse-de-bolivia-acepta-renuncia-de-evo-morales-al-mas-partido-que-lidero-por-casi-30-anos","status":"publish","type":"post","link":"https:\/\/viajamagazine.com\/?p=9175","title":{"rendered":"TSE de Bolivia acepta renuncia de Evo Morales al MAS, partido que lider\u00f3 por casi 30 a\u00f1os"},"content":{"rendered":"<p>LA PAZ, 5 mar (Xinhua) &#8212; El Tribunal Supremo Electoral (TSE) de Bolivia acept\u00f3 hoy mi\u00e9rcoles la renuncia del expresidente Evo Morales (2006-2019) a su militancia en el Movimiento al Socialismo (MAS), el partido que lider\u00f3 durante casi 30 a\u00f1os y que lo llev\u00f3 al poder. El vocal del TSE, Tahuichi Tahuichi Quispe, inform\u00f3 a los periodistas la oficializaci\u00f3n de la salida de Morales, que desde este mi\u00e9rcoles dejar\u00e1 de aparecer en la plataforma digital Yo Participo del TSE como miembro del partido oficialista. La renuncia del exmandatario fue presentada por su apoderado legal H\u00e9ctor Rodr\u00edguez el pasado 27 de febrero y se produce en medio de una profunda crisis interna en el MAS, por una fractura entre la facci\u00f3n af\u00edn al presidente Luis Arce y la \u00abevista\u00bb, que termin\u00f3 de intensificarse con la validaci\u00f3n de Grover Garc\u00eda como jefe del partido. En tanto, Morales ha reafirmado su intenci\u00f3n de postularse nuevamente a la Presidencia en las elecciones de agosto pr\u00f3ximo, esta vez bajo la sigla del Frente Para la Victoria (FPV), sin embargo, su candidatura enfrenta un obst\u00e1culo legal: un fallo constitucional de 2023 proh\u00edbe la reelecci\u00f3n indefinida y limita a dos los mandatos presidenciales, ya sean consecutivos o discontinuos. El distanciamiento entre Morales y el Gobierno de Arce ha desencadenado una serie de renuncias en el MAS, aunque los legisladores \u00abevistas\u00bb han decidido mantenerse dentro del partido para evitar sanciones por transfugio pol\u00edtico. El expresidente mantiene su base pol\u00edtica en el Tr\u00f3pico de Cochabamba, donde ha reforzado su liderazgo, pero su movilidad est\u00e1 restringida por una orden de aprehensi\u00f3n en su contra por una investigaci\u00f3n relacionada con trata de personas y estupro. Morales gobern\u00f3 Bolivia durante tres mandatos consecutivos (2006-2009, 2010-2014 y 2014-2019), pero su intento de reelecci\u00f3n en 2019 deriv\u00f3 en una crisis pol\u00edtica tras denuncias de fraude electoral, lo que llev\u00f3 a la anulaci\u00f3n de los comicios y a su renuncia en medio de una revuelta social. Fin<\/p>\n","protected":false},"excerpt":{"rendered":"<p>LA PAZ, 5 mar (Xinhua) &#8212; El Tribunal Supremo Electoral (TSE) de Bolivia acept\u00f3 hoy&#8230;<\/p>\n","protected":false},"author":1,"featured_media":0,"comment_status":"open","ping_status":"closed","sticky":false,"template":"","format":"standard","meta":{"footnotes":""},"categories":[2],"tags":[],"class_list":["post-9175","post","type-post","status-publish","format-standard","hentry","category-internacional"],"_links":{"self":[{"href":"https:\/\/viajamagazine.com\/index.php?rest_route=\/wp\/v2\/posts\/9175","targetHints":{"allow":["GET"]}}],"collection":[{"href":"https:\/\/viajamagazine.com\/index.php?rest_route=\/wp\/v2\/posts"}],"about":[{"href":"https:\/\/viajamagazine.com\/index.php?rest_route=\/wp\/v2\/types\/post"}],"author":[{"embeddable":true,"href":"https:\/\/viajamagazine.com\/index.php?rest_route=\/wp\/v2\/users\/1"}],"replies":[{"embeddable":true,"href":"https:\/\/viajamagazine.com\/index.php?rest_route=%2Fwp%2Fv2%2Fcomments&post=9175"}],"version-history":[{"count":1,"href":"https:\/\/viajamagazine.com\/index.php?rest_route=\/wp\/v2\/posts\/9175\/revisions"}],"predecessor-version":[{"id":9176,"href":"https:\/\/viajamagazine.com\/index.php?rest_route=\/wp\/v2\/posts\/9175\/revisions\/9176"}],"wp:attachment":[{"href":"https:\/\/viajamagazine.com\/index.php?rest_route=%2Fwp%2Fv2%2Fmedia&parent=9175"}],"wp:term":[{"taxonomy":"category","embeddable":true,"href":"https:\/\/viajamagazine.com\/index.php?rest_route=%2Fwp%2Fv2%2Fcategories&post=9175"},{"taxonomy":"post_tag","embeddable":true,"href":"https:\/\/viajamagazine.com\/index.php?rest_route=%2Fwp%2Fv2%2Ftags&post=9175"}],"curies":[{"name":"wp","href":"https:\/\/api.w.org\/{rel}","templated":true}]}}