{"id":9173,"date":"2025-03-06T12:36:47","date_gmt":"2025-03-06T18:36:47","guid":{"rendered":"https:\/\/viajamagazine.com\/?p=9173"},"modified":"2025-03-06T18:36:48","modified_gmt":"2025-03-06T18:36:48","slug":"brasileno-que-preside-cop30-afirma-que-conferencia-sera-decisiva-para-gobernanza-climatica","status":"publish","type":"post","link":"https:\/\/viajamagazine.com\/?p=9173","title":{"rendered":"Brasile\u00f1o que preside COP30 afirma que conferencia ser\u00e1 decisiva para gobernanza clim\u00e1tica"},"content":{"rendered":"<p>BRASILIA, 5 mar (Xinhua) &#8212; El embajador brasile\u00f1o Andr\u00e9 Correa do Lago, presidente de la COP30, se\u00f1al\u00f3 hoy mi\u00e9rcoles que el encuentro previsto para noviembre pr\u00f3ximo en la ciudad amaz\u00f3nica de Bel\u00e9m representa una transici\u00f3n decisiva de la fase de negociaci\u00f3n a la acci\u00f3n efectiva y los esfuerzos de implementaci\u00f3n. \u00abLa tarea que tenemos por delante es fortalecer la gobernanza clim\u00e1tica y proporcionar agilidad, preparaci\u00f3n y anticipaci\u00f3n tanto en la toma de decisiones como en la implementaci\u00f3n\u00bb, afirm\u00f3 durante una reuni\u00f3n informal en la Asamblea General de la Organizaci\u00f3n de las Naciones Unidas (ONU) en Nueva York, la cual retoma la estatal Agencia Brasil. Seg\u00fan el embajador, Brasil espera que la Conferencia de las Partes (COP30) de la Convenci\u00f3n Marco de las Naciones Unidas sobre el Cambio Clim\u00e1tico pueda dar un impulso decisivo en tres dimensiones: proteger y ampliar el legado institucional de la Convenci\u00f3n del Clima, conectar las negociaciones y las decisiones pol\u00edticas con la vida real, y acelerar la implementaci\u00f3n del Acuerdo de Par\u00eds. La implementaci\u00f3n debe ocurrir a trav\u00e9s de soluciones estructurales e iniciativas que vayan m\u00e1s all\u00e1 de la acci\u00f3n clim\u00e1tica multilateral, incluyendo la gobernanza global y la arquitectura financiera. Para Correa do Lago, esto incluye la entrega de las Contribuciones Determinadas a Nivel Nacional (NDC, por sus siglas en ingl\u00e9s), que tuvieron su plazo extendido despu\u00e9s de una baja entrega antes de la fecha l\u00edmite de febrero. \u00abLos l\u00edderes nacionales deben cumplir su determinaci\u00f3n de proseguir los esfuerzos para limitar el aumento de la temperatura a 1,5 grados (Celsius). Las vidas humanas dependen de ello. Los empleos del futuro dependen de ello. Los entornos saludables dependen de ello\u00bb, afirm\u00f3. El embajador tambi\u00e9n destac\u00f3 el \u00e9xito de la Troika, que estableci\u00f3 la cooperaci\u00f3n entre Emiratos \u00c1rabes Unidos, Azerbaiy\u00e1n y Brasil, los presidentes de la COP28 y sus sucesores. Entre los avances logrados con estos l\u00edderes destac\u00f3 el Balance Global de Carbono, que tuvo su primera edici\u00f3n entregada durante la COP28 y es un mecanismo de transparencia previsto en el Acuerdo de Par\u00eds para evaluar los avances en los objetivos a largo plazo. \u00abEl GST es nuestra gu\u00eda para la misi\u00f3n de 1,5 Celsius, en nuestro proyecto colectivo de implementar la visi\u00f3n de la Convenci\u00f3n (del Clima) y del Acuerdo de Par\u00eds, la visi\u00f3n de fortalecer la respuesta global a la amenaza del cambio clim\u00e1tico. Todo ello siempre en el contexto del desarrollo sostenible y de los esfuerzos para erradicar la pobreza\u00bb, subray\u00f3 el brasile\u00f1o. Para Correa do Lago, reforzar los instrumentos del multilateralismo es el camino para revertir la peligrosa interferencia humana en el planeta. \u00abLa elecci\u00f3n de la Asamblea General como mi primer viaje oficial fuera de Brasil no es una coincidencia, sino una clara se\u00f1al de que la defensa del multilateralismo estar\u00e1 en el centro de la presidencia brasile\u00f1a de esta COP. El respeto a la ciencia ser\u00e1 otro de los pilares de nuestra presidencia\u00bb, afirm\u00f3. Para el embajador, la COP30 debe aportar una visi\u00f3n m\u00e1s precisa del modelo de desarrollo necesario para la regi\u00f3n, sin una visi\u00f3n rom\u00e1ntica de la selva y destacando la importancia central del ecosistema en la lucha contra el cambio clim\u00e1tico. Fin<\/p>\n","protected":false},"excerpt":{"rendered":"<p>BRASILIA, 5 mar (Xinhua) &#8212; El embajador brasile\u00f1o Andr\u00e9 Correa do Lago, presidente de la&#8230;<\/p>\n","protected":false},"author":1,"featured_media":0,"comment_status":"open","ping_status":"closed","sticky":false,"template":"","format":"standard","meta":{"footnotes":""},"categories":[2],"tags":[],"class_list":["post-9173","post","type-post","status-publish","format-standard","hentry","category-internacional"],"_links":{"self":[{"href":"https:\/\/viajamagazine.com\/index.php?rest_route=\/wp\/v2\/posts\/9173","targetHints":{"allow":["GET"]}}],"collection":[{"href":"https:\/\/viajamagazine.com\/index.php?rest_route=\/wp\/v2\/posts"}],"about":[{"href":"https:\/\/viajamagazine.com\/index.php?rest_route=\/wp\/v2\/types\/post"}],"author":[{"embeddable":true,"href":"https:\/\/viajamagazine.com\/index.php?rest_route=\/wp\/v2\/users\/1"}],"replies":[{"embeddable":true,"href":"https:\/\/viajamagazine.com\/index.php?rest_route=%2Fwp%2Fv2%2Fcomments&post=9173"}],"version-history":[{"count":1,"href":"https:\/\/viajamagazine.com\/index.php?rest_route=\/wp\/v2\/posts\/9173\/revisions"}],"predecessor-version":[{"id":9174,"href":"https:\/\/viajamagazine.com\/index.php?rest_route=\/wp\/v2\/posts\/9173\/revisions\/9174"}],"wp:attachment":[{"href":"https:\/\/viajamagazine.com\/index.php?rest_route=%2Fwp%2Fv2%2Fmedia&parent=9173"}],"wp:term":[{"taxonomy":"category","embeddable":true,"href":"https:\/\/viajamagazine.com\/index.php?rest_route=%2Fwp%2Fv2%2Fcategories&post=9173"},{"taxonomy":"post_tag","embeddable":true,"href":"https:\/\/viajamagazine.com\/index.php?rest_route=%2Fwp%2Fv2%2Ftags&post=9173"}],"curies":[{"name":"wp","href":"https:\/\/api.w.org\/{rel}","templated":true}]}}