{"id":9171,"date":"2025-03-06T12:36:29","date_gmt":"2025-03-06T18:36:29","guid":{"rendered":"https:\/\/viajamagazine.com\/?p=9171"},"modified":"2025-03-06T18:36:30","modified_gmt":"2025-03-06T18:36:30","slug":"ecuador-recibira-asistencia-internacional-para-combatir-al-crimen-organizado-anuncia-noboa","status":"publish","type":"post","link":"https:\/\/viajamagazine.com\/?p=9171","title":{"rendered":"Ecuador recibir\u00e1 asistencia internacional para combatir al crimen organizado, anuncia Noboa"},"content":{"rendered":"<p>QUITO, 5 mar (Xinhua) &#8212; Ecuador recibir\u00e1 en los pr\u00f3ximos d\u00edas asistencia internacional para reforzar la lucha contra las bandas del crimen organizado transnacional, que golpea al pa\u00eds sudamericano, anunci\u00f3 hoy mi\u00e9rcoles el presidente Daniel Noboa. \u00abEn las pr\u00f3ximas dos o tres semanas vamos a tener asistencia internacional, especialmente en las zonas m\u00e1s violentas del pa\u00eds\u00bb, dijo Noboa en una entrevista con la radio local \u00danika, de la provincia costera de Los R\u00edos (centro). \u00abDe esa manera, vamos a neutralizar al enemigo, porque esto de ac\u00e1 sigue siendo una guerra\u00bb, agreg\u00f3 el mandatario, quien en enero de 2024 declar\u00f3 un \u00abconflicto armado interno\u00bb en el pa\u00eds contra 22 bandas calificadas como \u00abterroristas\u00bb. El Gobierno atribuye a estas organizaciones el incremento de la violencia y la inseguridad en el pa\u00eds con actividades de narcotr\u00e1fico, secuestros, extorsiones, miner\u00eda ilegal y otros delitos. El mandatario apunt\u00f3 que existen \u00abgrupos narcoterroristas\u00bb que llevan m\u00e1s de 10 a\u00f1os en Ecuador operando de forma transnacional, por lo que toma tiempo desarticular a estas bandas. En ese contexto, dijo que se requiere buscar apoyo internacional para que las fuerzas de seguridad puedan hacer mejor su trabajo en el combate a los grupos delincuenciales. Para lograr ese objetivo, coment\u00f3 que la canciller Gabriela Sommerfeld, visit\u00f3 la semana pasada varios pa\u00edses. \u00abEstamos ahora trabajando con diferentes naciones, porque este es un problema transnacional, que ellos nos ayuden ac\u00e1, que vengan y que vean que el origen del problema est\u00e1 en zonas como el Ecuador, como el sur de Colombia, como el norte de Per\u00fa\u00bb, subray\u00f3. La canciller Sommerfeld realiz\u00f3 el pasado 27 de febrero una gira por Chile, Argentina y Uruguay en busca de cooperaci\u00f3n militar extranjera para reforzar la lucha contra el crimen organizado transnacional. Las visitas se dieron luego de que el presidente Noboa dispuso a la canciller que realice los acercamientos necesarios para coordinar esfuerzos y establecer acuerdos de cooperaci\u00f3n con dicho objetivo. El mandatario se congratul\u00f3, asimismo, de que la Asamblea Nacional (Parlamento) aprobara el pasado 25 de febrero una resoluci\u00f3n exhortando al Gobierno a alcanzar acuerdos de cooperaci\u00f3n internacional para luchar contra el crimen organizado. Noboa, que se disputar\u00e1 la Presidencia ante la candidata izquierdista Luisa Gonz\u00e1lez, en una segunda vuelta prevista para el 13 de abril, insisti\u00f3 en que, de ser reelegido, convocar\u00e1 a una Asamblea Constituyente para hacer reformas a la Constituci\u00f3n en materia penal. En el marco de la lucha contra el crimen organizado, el Gobierno tambi\u00e9n ha propuesto una reforma constitucional que permita el restablecimiento de bases militares extranjeras en el pa\u00eds. Fin<\/p>\n","protected":false},"excerpt":{"rendered":"<p>QUITO, 5 mar (Xinhua) &#8212; Ecuador recibir\u00e1 en los pr\u00f3ximos d\u00edas asistencia internacional para reforzar&#8230;<\/p>\n","protected":false},"author":1,"featured_media":0,"comment_status":"open","ping_status":"closed","sticky":false,"template":"","format":"standard","meta":{"footnotes":""},"categories":[2],"tags":[],"class_list":["post-9171","post","type-post","status-publish","format-standard","hentry","category-internacional"],"_links":{"self":[{"href":"https:\/\/viajamagazine.com\/index.php?rest_route=\/wp\/v2\/posts\/9171","targetHints":{"allow":["GET"]}}],"collection":[{"href":"https:\/\/viajamagazine.com\/index.php?rest_route=\/wp\/v2\/posts"}],"about":[{"href":"https:\/\/viajamagazine.com\/index.php?rest_route=\/wp\/v2\/types\/post"}],"author":[{"embeddable":true,"href":"https:\/\/viajamagazine.com\/index.php?rest_route=\/wp\/v2\/users\/1"}],"replies":[{"embeddable":true,"href":"https:\/\/viajamagazine.com\/index.php?rest_route=%2Fwp%2Fv2%2Fcomments&post=9171"}],"version-history":[{"count":1,"href":"https:\/\/viajamagazine.com\/index.php?rest_route=\/wp\/v2\/posts\/9171\/revisions"}],"predecessor-version":[{"id":9172,"href":"https:\/\/viajamagazine.com\/index.php?rest_route=\/wp\/v2\/posts\/9171\/revisions\/9172"}],"wp:attachment":[{"href":"https:\/\/viajamagazine.com\/index.php?rest_route=%2Fwp%2Fv2%2Fmedia&parent=9171"}],"wp:term":[{"taxonomy":"category","embeddable":true,"href":"https:\/\/viajamagazine.com\/index.php?rest_route=%2Fwp%2Fv2%2Fcategories&post=9171"},{"taxonomy":"post_tag","embeddable":true,"href":"https:\/\/viajamagazine.com\/index.php?rest_route=%2Fwp%2Fv2%2Ftags&post=9171"}],"curies":[{"name":"wp","href":"https:\/\/api.w.org\/{rel}","templated":true}]}}