{"id":9169,"date":"2025-03-06T12:35:45","date_gmt":"2025-03-06T18:35:45","guid":{"rendered":"https:\/\/viajamagazine.com\/?p=9169"},"modified":"2025-03-06T18:35:46","modified_gmt":"2025-03-06T18:35:46","slug":"lideres-de-canada-y-eeuu-conversan-sobre-comercio-y-fentanilo-en-primera-llamada-tras-lanzamiento-de-aranceles","status":"publish","type":"post","link":"https:\/\/viajamagazine.com\/?p=9169","title":{"rendered":"L\u00edderes de Canad\u00e1 y EEUU conversan sobre comercio y fentanilo en primera llamada tras lanzamiento de aranceles"},"content":{"rendered":"<p>OTTAWA, 5 mar (Xinhua) &#8212; El primer ministro de Canad\u00e1, Justin Trudeau, sostuvo hoy una conversaci\u00f3n telef\u00f3nica con el presidente de Estados Unidos, Donald Trump, en la que hablaron de comercio y fentanilo, informaron medios locales. Fue la primera conversaci\u00f3n entre los dos l\u00edderes desde que Trump emprendi\u00f3 una guerra comercial el martes. La llamada dur\u00f3 50 minutos y trat\u00f3 sobre \u00abcomercio y fentanilo\u00bb, inform\u00f3 CBC News. Se espera que los equipos de los dos l\u00edderes entablen m\u00e1s discusiones en el transcurso de la tarde, seg\u00fan el informe. Trump decidi\u00f3 otorgar una exenci\u00f3n de un mes para cualquier autom\u00f3vil en el marco del Tratado entre M\u00e9xico, Estados Unidos y Canad\u00e1 (T-MEC), el acuerdo trilateral que Trump firm\u00f3 en su primer per\u00edodo conocido como USMCA en Estados Unidos y como CUSMA en Canad\u00e1, a\u00f1adi\u00f3 informe. A\u00fan se desconoce si la presunta exenci\u00f3n de Trump incluye las exportaciones de autom\u00f3viles canadienses hacia Estados Unidos, pero parece que esta forma de comercio transfronterizo podr\u00e1 continuar como antes, inform\u00f3 CBC News. Fin<\/p>\n","protected":false},"excerpt":{"rendered":"<p>OTTAWA, 5 mar (Xinhua) &#8212; El primer ministro de Canad\u00e1, Justin Trudeau, sostuvo hoy una&#8230;<\/p>\n","protected":false},"author":1,"featured_media":0,"comment_status":"open","ping_status":"closed","sticky":false,"template":"","format":"standard","meta":{"footnotes":""},"categories":[2],"tags":[],"class_list":["post-9169","post","type-post","status-publish","format-standard","hentry","category-internacional"],"_links":{"self":[{"href":"https:\/\/viajamagazine.com\/index.php?rest_route=\/wp\/v2\/posts\/9169","targetHints":{"allow":["GET"]}}],"collection":[{"href":"https:\/\/viajamagazine.com\/index.php?rest_route=\/wp\/v2\/posts"}],"about":[{"href":"https:\/\/viajamagazine.com\/index.php?rest_route=\/wp\/v2\/types\/post"}],"author":[{"embeddable":true,"href":"https:\/\/viajamagazine.com\/index.php?rest_route=\/wp\/v2\/users\/1"}],"replies":[{"embeddable":true,"href":"https:\/\/viajamagazine.com\/index.php?rest_route=%2Fwp%2Fv2%2Fcomments&post=9169"}],"version-history":[{"count":1,"href":"https:\/\/viajamagazine.com\/index.php?rest_route=\/wp\/v2\/posts\/9169\/revisions"}],"predecessor-version":[{"id":9170,"href":"https:\/\/viajamagazine.com\/index.php?rest_route=\/wp\/v2\/posts\/9169\/revisions\/9170"}],"wp:attachment":[{"href":"https:\/\/viajamagazine.com\/index.php?rest_route=%2Fwp%2Fv2%2Fmedia&parent=9169"}],"wp:term":[{"taxonomy":"category","embeddable":true,"href":"https:\/\/viajamagazine.com\/index.php?rest_route=%2Fwp%2Fv2%2Fcategories&post=9169"},{"taxonomy":"post_tag","embeddable":true,"href":"https:\/\/viajamagazine.com\/index.php?rest_route=%2Fwp%2Fv2%2Ftags&post=9169"}],"curies":[{"name":"wp","href":"https:\/\/api.w.org\/{rel}","templated":true}]}}