{"id":8953,"date":"2025-03-05T14:14:52","date_gmt":"2025-03-05T20:14:52","guid":{"rendered":"https:\/\/viajamagazine.com\/?p=8953"},"modified":"2025-03-05T20:14:53","modified_gmt":"2025-03-05T20:14:53","slug":"honduras-tegucigalpa-elecciones-4","status":"publish","type":"post","link":"https:\/\/viajamagazine.com\/?p=8953","title":{"rendered":"HONDURAS-TEGUCIGALPA-ELECCIONES"},"content":{"rendered":"<div class=\"el-scrollbar__wrap\">\n<div class=\"el-scrollbar__view\">\n<div class=\"news-content\" data-v-1eda797c=\"\">(250304) &#8212; TEGUCIGALPA, 4 marzo, 2025 (Xinhua) &#8212; La presidenta del Consejo Nacional Electoral de Honduras, Cossette L\u00f3pez-Osorio (i), y el jefe del Estado Mayor Conjunto de la Fuerzas Armadas de Honduras, general de divisi\u00f3n Roosevelt Hern\u00e1ndez (d), participan durante el inicio del traslado de las maletas electorales y los paquetes tecnol\u00f3gicos\u00a0para las pr\u00f3ximas elecciones primarias, en la ciudad de Tegucigalpa, capital de Honduras, el 4\u00a0de marzo de 2025. El pr\u00f3ximo domingo, los electores decidir\u00e1n los postulantes de los partidos Libertad y Refundaci\u00f3n, Nacional y Liberal que competir\u00e1n en los comicios generales para cargos de elecci\u00f3n popular, incluidos la Presidencia de la Rep\u00fablica, diputaciones y gobiernos municipales. (Xinhua\/Rafael Ochoa) (ro) (jg) (ra) (ce)<\/div>\n<\/div>\n<\/div>\n<div class=\"el-scrollbar__bar is-horizontal\"><\/div>\n","protected":false},"excerpt":{"rendered":"<p>(250304) &#8212; TEGUCIGALPA, 4 marzo, 2025 (Xinhua) &#8212; La presidenta del Consejo Nacional Electoral de&#8230;<\/p>\n","protected":false},"author":1,"featured_media":8955,"comment_status":"open","ping_status":"closed","sticky":false,"template":"","format":"standard","meta":{"footnotes":""},"categories":[2],"tags":[],"class_list":["post-8953","post","type-post","status-publish","format-standard","has-post-thumbnail","hentry","category-internacional"],"_links":{"self":[{"href":"https:\/\/viajamagazine.com\/index.php?rest_route=\/wp\/v2\/posts\/8953","targetHints":{"allow":["GET"]}}],"collection":[{"href":"https:\/\/viajamagazine.com\/index.php?rest_route=\/wp\/v2\/posts"}],"about":[{"href":"https:\/\/viajamagazine.com\/index.php?rest_route=\/wp\/v2\/types\/post"}],"author":[{"embeddable":true,"href":"https:\/\/viajamagazine.com\/index.php?rest_route=\/wp\/v2\/users\/1"}],"replies":[{"embeddable":true,"href":"https:\/\/viajamagazine.com\/index.php?rest_route=%2Fwp%2Fv2%2Fcomments&post=8953"}],"version-history":[{"count":1,"href":"https:\/\/viajamagazine.com\/index.php?rest_route=\/wp\/v2\/posts\/8953\/revisions"}],"predecessor-version":[{"id":8954,"href":"https:\/\/viajamagazine.com\/index.php?rest_route=\/wp\/v2\/posts\/8953\/revisions\/8954"}],"wp:featuredmedia":[{"embeddable":true,"href":"https:\/\/viajamagazine.com\/index.php?rest_route=\/wp\/v2\/media\/8955"}],"wp:attachment":[{"href":"https:\/\/viajamagazine.com\/index.php?rest_route=%2Fwp%2Fv2%2Fmedia&parent=8953"}],"wp:term":[{"taxonomy":"category","embeddable":true,"href":"https:\/\/viajamagazine.com\/index.php?rest_route=%2Fwp%2Fv2%2Fcategories&post=8953"},{"taxonomy":"post_tag","embeddable":true,"href":"https:\/\/viajamagazine.com\/index.php?rest_route=%2Fwp%2Fv2%2Ftags&post=8953"}],"curies":[{"name":"wp","href":"https:\/\/api.w.org\/{rel}","templated":true}]}}