{"id":8941,"date":"2025-03-05T14:01:15","date_gmt":"2025-03-05T20:01:15","guid":{"rendered":"https:\/\/viajamagazine.com\/?p=8941"},"modified":"2025-03-05T20:01:16","modified_gmt":"2025-03-05T20:01:16","slug":"peru-lima-pedro-castillo-juicio-oral-6","status":"publish","type":"post","link":"https:\/\/viajamagazine.com\/?p=8941","title":{"rendered":"PERU-LIMA-PEDRO CASTILLO-JUICIO ORAL"},"content":{"rendered":"<div class=\"el-scrollbar__wrap\">\n<div class=\"el-scrollbar__view\">\n<div class=\"news-content\" data-v-1eda797c=\"\">(250304) &#8212; LIMA, 4 marzo, 2025 (Xinhua) &#8212; El expresidente peruano, Pedro Castillo (d-atr\u00e1s), asiste a su juicio oral, en el centro penitenciario de Barbadillo, en Lima, Per\u00fa, el 4 de marzo de 2025. La Sala Penal Especial de la Corte Suprema de Justicia de Per\u00fa inici\u00f3 el martes de manera formal el juicio oral contra el expresidente Pedro Castillo (2021-2022), quien es acusado de haber intentado perpetrar un golpe de Estado, el 7 de diciembre de 2022, cuando quiso disolver el Congreso. (Xinhua\/Mariana Bazo) (mb) (jg) (ra) (ce)<\/div>\n<\/div>\n<\/div>\n<div class=\"el-scrollbar__bar is-horizontal\"><\/div>\n","protected":false},"excerpt":{"rendered":"<p>(250304) &#8212; LIMA, 4 marzo, 2025 (Xinhua) &#8212; El expresidente peruano, Pedro Castillo (d-atr\u00e1s), asiste&#8230;<\/p>\n","protected":false},"author":1,"featured_media":8943,"comment_status":"open","ping_status":"closed","sticky":false,"template":"","format":"standard","meta":{"footnotes":""},"categories":[2],"tags":[],"class_list":["post-8941","post","type-post","status-publish","format-standard","has-post-thumbnail","hentry","category-internacional"],"_links":{"self":[{"href":"https:\/\/viajamagazine.com\/index.php?rest_route=\/wp\/v2\/posts\/8941","targetHints":{"allow":["GET"]}}],"collection":[{"href":"https:\/\/viajamagazine.com\/index.php?rest_route=\/wp\/v2\/posts"}],"about":[{"href":"https:\/\/viajamagazine.com\/index.php?rest_route=\/wp\/v2\/types\/post"}],"author":[{"embeddable":true,"href":"https:\/\/viajamagazine.com\/index.php?rest_route=\/wp\/v2\/users\/1"}],"replies":[{"embeddable":true,"href":"https:\/\/viajamagazine.com\/index.php?rest_route=%2Fwp%2Fv2%2Fcomments&post=8941"}],"version-history":[{"count":1,"href":"https:\/\/viajamagazine.com\/index.php?rest_route=\/wp\/v2\/posts\/8941\/revisions"}],"predecessor-version":[{"id":8942,"href":"https:\/\/viajamagazine.com\/index.php?rest_route=\/wp\/v2\/posts\/8941\/revisions\/8942"}],"wp:featuredmedia":[{"embeddable":true,"href":"https:\/\/viajamagazine.com\/index.php?rest_route=\/wp\/v2\/media\/8943"}],"wp:attachment":[{"href":"https:\/\/viajamagazine.com\/index.php?rest_route=%2Fwp%2Fv2%2Fmedia&parent=8941"}],"wp:term":[{"taxonomy":"category","embeddable":true,"href":"https:\/\/viajamagazine.com\/index.php?rest_route=%2Fwp%2Fv2%2Fcategories&post=8941"},{"taxonomy":"post_tag","embeddable":true,"href":"https:\/\/viajamagazine.com\/index.php?rest_route=%2Fwp%2Fv2%2Ftags&post=8941"}],"curies":[{"name":"wp","href":"https:\/\/api.w.org\/{rel}","templated":true}]}}