{"id":8643,"date":"2025-03-05T12:08:32","date_gmt":"2025-03-05T18:08:32","guid":{"rendered":"https:\/\/viajamagazine.com\/?p=8643"},"modified":"2025-03-05T18:08:36","modified_gmt":"2025-03-05T18:08:36","slug":"viceprimera-ministra-britanica-dice-que-reino-unido-no-escogera-entre-ee-uu-y-europa","status":"publish","type":"post","link":"https:\/\/viajamagazine.com\/?p=8643","title":{"rendered":"Viceprimera ministra brit\u00e1nica dice que Reino Unido no \u00abescoger\u00e1 entre EE. UU. y Europa\u00bb"},"content":{"rendered":"<p>LONDRES, 4 mar (Xinhua) &#8212; La viceprimera ministra brit\u00e1nica, Angela Rayner, dijo hoy martes que el primer ministro, Keir Starmer, no \u00abescoger\u00e1 entre EE. UU. y Europa\u00bb y que trabaja para llevar a Washington hasta la mesa para negociaciones futuras sobre Ucrania. Preguntada por el programa Today, de BBC Radio 4, sobre la decisi\u00f3n estadounidense de suspender la ayuda militar a Ucrania, Rayner declar\u00f3: \u00abEstamos concentrados en el apoyo a Ucrania, llevando a EE. UU. hasta la mesa junto con nuestros socios europeos en Ucrania\u00bb. A\u00f1adi\u00f3 que Starmer sigue \u00abextremadamente concentrado\u00bb en Ucrania y \u00abno ser\u00e1 apartado de ese camino\u00bb por anuncios de pausa en las ayudas. \u00abContinuar\u00e1 ese di\u00e1logo con nuestro aliado m\u00e1s antiguo y fuerte, EE. UU., y con los socios europeos, adem\u00e1s de con Ucrania\u00bb, afirm\u00f3. Fin<\/p>\n","protected":false},"excerpt":{"rendered":"<p>LONDRES, 4 mar (Xinhua) &#8212; La viceprimera ministra brit\u00e1nica, Angela Rayner, dijo hoy martes que&#8230;<\/p>\n","protected":false},"author":1,"featured_media":0,"comment_status":"open","ping_status":"closed","sticky":false,"template":"","format":"standard","meta":{"footnotes":""},"categories":[2],"tags":[],"class_list":["post-8643","post","type-post","status-publish","format-standard","hentry","category-internacional"],"_links":{"self":[{"href":"https:\/\/viajamagazine.com\/index.php?rest_route=\/wp\/v2\/posts\/8643","targetHints":{"allow":["GET"]}}],"collection":[{"href":"https:\/\/viajamagazine.com\/index.php?rest_route=\/wp\/v2\/posts"}],"about":[{"href":"https:\/\/viajamagazine.com\/index.php?rest_route=\/wp\/v2\/types\/post"}],"author":[{"embeddable":true,"href":"https:\/\/viajamagazine.com\/index.php?rest_route=\/wp\/v2\/users\/1"}],"replies":[{"embeddable":true,"href":"https:\/\/viajamagazine.com\/index.php?rest_route=%2Fwp%2Fv2%2Fcomments&post=8643"}],"version-history":[{"count":1,"href":"https:\/\/viajamagazine.com\/index.php?rest_route=\/wp\/v2\/posts\/8643\/revisions"}],"predecessor-version":[{"id":8644,"href":"https:\/\/viajamagazine.com\/index.php?rest_route=\/wp\/v2\/posts\/8643\/revisions\/8644"}],"wp:attachment":[{"href":"https:\/\/viajamagazine.com\/index.php?rest_route=%2Fwp%2Fv2%2Fmedia&parent=8643"}],"wp:term":[{"taxonomy":"category","embeddable":true,"href":"https:\/\/viajamagazine.com\/index.php?rest_route=%2Fwp%2Fv2%2Fcategories&post=8643"},{"taxonomy":"post_tag","embeddable":true,"href":"https:\/\/viajamagazine.com\/index.php?rest_route=%2Fwp%2Fv2%2Ftags&post=8643"}],"curies":[{"name":"wp","href":"https:\/\/api.w.org\/{rel}","templated":true}]}}