{"id":8378,"date":"2025-03-04T13:22:05","date_gmt":"2025-03-04T19:22:05","guid":{"rendered":"https:\/\/viajamagazine.com\/?p=8378"},"modified":"2025-03-04T19:22:06","modified_gmt":"2025-03-04T19:22:06","slug":"afganistan-kabul-ramadan-2","status":"publish","type":"post","link":"https:\/\/viajamagazine.com\/?p=8378","title":{"rendered":"AFGANISTAN-KABUL-RAMADAN"},"content":{"rendered":"<div class=\"el-scrollbar__wrap\">\n<div class=\"el-scrollbar__view\">\n<div class=\"news-content\" data-v-1eda797c=\"\">(250303) &#8212; KABUL, 3 marzo, 2025 (Xinhua) &#8212; Vendedores callejeros esperan por clientes durante el Ramad\u00e1n, en Kabul, capital de Afganist\u00e1n, el 3 de marzo de 2025. A medida que comienza el Ramad\u00e1n, los afganos se enfrentan a graves desaf\u00edos econ\u00f3micos exacerbados por las actuales sanciones estadounidenses. (Xinhua\/Safifurahman Safi) (ah) (rtg) (vf)<\/div>\n<\/div>\n<\/div>\n<div class=\"el-scrollbar__bar is-horizontal\"><\/div>\n","protected":false},"excerpt":{"rendered":"<p>(250303) &#8212; KABUL, 3 marzo, 2025 (Xinhua) &#8212; Vendedores callejeros esperan por clientes durante el&#8230;<\/p>\n","protected":false},"author":1,"featured_media":8380,"comment_status":"open","ping_status":"closed","sticky":false,"template":"","format":"standard","meta":{"footnotes":""},"categories":[2],"tags":[],"class_list":["post-8378","post","type-post","status-publish","format-standard","has-post-thumbnail","hentry","category-internacional"],"_links":{"self":[{"href":"https:\/\/viajamagazine.com\/index.php?rest_route=\/wp\/v2\/posts\/8378","targetHints":{"allow":["GET"]}}],"collection":[{"href":"https:\/\/viajamagazine.com\/index.php?rest_route=\/wp\/v2\/posts"}],"about":[{"href":"https:\/\/viajamagazine.com\/index.php?rest_route=\/wp\/v2\/types\/post"}],"author":[{"embeddable":true,"href":"https:\/\/viajamagazine.com\/index.php?rest_route=\/wp\/v2\/users\/1"}],"replies":[{"embeddable":true,"href":"https:\/\/viajamagazine.com\/index.php?rest_route=%2Fwp%2Fv2%2Fcomments&post=8378"}],"version-history":[{"count":1,"href":"https:\/\/viajamagazine.com\/index.php?rest_route=\/wp\/v2\/posts\/8378\/revisions"}],"predecessor-version":[{"id":8379,"href":"https:\/\/viajamagazine.com\/index.php?rest_route=\/wp\/v2\/posts\/8378\/revisions\/8379"}],"wp:featuredmedia":[{"embeddable":true,"href":"https:\/\/viajamagazine.com\/index.php?rest_route=\/wp\/v2\/media\/8380"}],"wp:attachment":[{"href":"https:\/\/viajamagazine.com\/index.php?rest_route=%2Fwp%2Fv2%2Fmedia&parent=8378"}],"wp:term":[{"taxonomy":"category","embeddable":true,"href":"https:\/\/viajamagazine.com\/index.php?rest_route=%2Fwp%2Fv2%2Fcategories&post=8378"},{"taxonomy":"post_tag","embeddable":true,"href":"https:\/\/viajamagazine.com\/index.php?rest_route=%2Fwp%2Fv2%2Ftags&post=8378"}],"curies":[{"name":"wp","href":"https:\/\/api.w.org\/{rel}","templated":true}]}}