{"id":8185,"date":"2025-03-04T12:40:49","date_gmt":"2025-03-04T18:40:49","guid":{"rendered":"https:\/\/viajamagazine.com\/?p=8185"},"modified":"2025-03-04T18:40:50","modified_gmt":"2025-03-04T18:40:50","slug":"ampliacion-canada-respondera-con-aranceles-del-25-a-productos-de-ee-uu-desde-el-martes","status":"publish","type":"post","link":"https:\/\/viajamagazine.com\/?p=8185","title":{"rendered":"AMPLIACI\u00d3N: Canad\u00e1 responder\u00e1 con aranceles del 25 % a productos de EE. UU. desde el martes"},"content":{"rendered":"<div class=\"el-scrollbar__wrap\">\n<div class=\"el-scrollbar__view\">\n<div class=\"news-content\" data-v-1eda797c=\"\">OTTAWA, 3 mar (Xinhua) &#8212; Canad\u00e1 impondr\u00e1 aranceles del 25 por ciento a productos estadounidenses a partir del martes si la Administraci\u00f3n de Donald Trump sigue adelante con sus planes de gravar productos canadienses, anunci\u00f3 el lunes el primer ministro Justin Trudeau. \u00abSi los aranceles estadounidenses entran en vigor esta noche, Canad\u00e1 responder\u00e1, a partir de las 12:01 a.m. EST de ma\u00f1ana, con aranceles del 25 por ciento sobre 155.000 millones de d\u00f3lares canadienses (unos 107.000 millones de d\u00f3lares estadounidenses) en bienes estadounidenses\u00bb, afirm\u00f3 Trudeau. Por su parte, la ministra de Asuntos Exteriores de Canad\u00e1, M\u00e9lanie Joly, asegur\u00f3 que el pa\u00eds est\u00e1 listo para contraatacar de inmediato. \u00abSabemos que esto representa una amenaza existencial para nosotros. Hay miles de empleos en juego en Canad\u00e1. Ya hicimos el trabajo y estamos preparados en caso de que EE. UU. decida iniciar esta guerra comercial\u00bb, declar\u00f3 Joly. Las autoridades canadienses llevaron a cabo una intensa campa\u00f1a diplom\u00e1tica durante un mes para evitar la imposici\u00f3n de aranceles por parte de Estados Unidos. Al mismo tiempo, Joly destac\u00f3 que Canad\u00e1 ha respondido a las preocupaciones de Trump sobre la frontera, incluyendo el nombramiento de un \u00abzar del fentanilo\u00bb y la designaci\u00f3n de carteles mexicanos como grupos terroristas. De su lado, el ministro de Recursos Naturales de Canad\u00e1, Jonathan Wilkinson, se\u00f1al\u00f3 que la relaci\u00f3n comercial con EE. UU. ha cambiado dr\u00e1sticamente y no volver\u00e1 a ser la misma, incluso si se eliminan los aranceles. \u00abNo creo que volvamos a la relaci\u00f3n de antes, incluso si los aranceles son retirados\u00bb, afirm\u00f3 Wilkinson. Trump confirm\u00f3 el lunes que los aranceles del 25 por ciento sobre M\u00e9xico y Canad\u00e1 entrar\u00e1n en vigor este martes. El 1 de febrero, el presidente estadounidense firm\u00f3 una orden ejecutiva para imponer un arancel del 25 por ciento a las importaciones de M\u00e9xico y Canad\u00e1, con un aumento adicional del 10 por ciento espec\u00edficamente para los productos energ\u00e9ticos canadienses. Luego, el 3 de febrero, Trump anunci\u00f3 que estas tarifas ser\u00edan aplazadas por un mes para dar m\u00e1s tiempo a las negociaciones. Seg\u00fan esta decisi\u00f3n, las medidas arancelarias entrar\u00e1n en vigor este 4 de marzo. Fin<\/div>\n<\/div>\n<\/div>\n<div class=\"el-scrollbar__bar is-horizontal\"><\/div>\n","protected":false},"excerpt":{"rendered":"<p>OTTAWA, 3 mar (Xinhua) &#8212; Canad\u00e1 impondr\u00e1 aranceles del 25 por ciento a productos estadounidenses&#8230;<\/p>\n","protected":false},"author":1,"featured_media":0,"comment_status":"open","ping_status":"closed","sticky":false,"template":"","format":"standard","meta":{"footnotes":""},"categories":[2],"tags":[],"class_list":["post-8185","post","type-post","status-publish","format-standard","hentry","category-internacional"],"_links":{"self":[{"href":"https:\/\/viajamagazine.com\/index.php?rest_route=\/wp\/v2\/posts\/8185","targetHints":{"allow":["GET"]}}],"collection":[{"href":"https:\/\/viajamagazine.com\/index.php?rest_route=\/wp\/v2\/posts"}],"about":[{"href":"https:\/\/viajamagazine.com\/index.php?rest_route=\/wp\/v2\/types\/post"}],"author":[{"embeddable":true,"href":"https:\/\/viajamagazine.com\/index.php?rest_route=\/wp\/v2\/users\/1"}],"replies":[{"embeddable":true,"href":"https:\/\/viajamagazine.com\/index.php?rest_route=%2Fwp%2Fv2%2Fcomments&post=8185"}],"version-history":[{"count":1,"href":"https:\/\/viajamagazine.com\/index.php?rest_route=\/wp\/v2\/posts\/8185\/revisions"}],"predecessor-version":[{"id":8186,"href":"https:\/\/viajamagazine.com\/index.php?rest_route=\/wp\/v2\/posts\/8185\/revisions\/8186"}],"wp:attachment":[{"href":"https:\/\/viajamagazine.com\/index.php?rest_route=%2Fwp%2Fv2%2Fmedia&parent=8185"}],"wp:term":[{"taxonomy":"category","embeddable":true,"href":"https:\/\/viajamagazine.com\/index.php?rest_route=%2Fwp%2Fv2%2Fcategories&post=8185"},{"taxonomy":"post_tag","embeddable":true,"href":"https:\/\/viajamagazine.com\/index.php?rest_route=%2Fwp%2Fv2%2Ftags&post=8185"}],"curies":[{"name":"wp","href":"https:\/\/api.w.org\/{rel}","templated":true}]}}