{"id":8075,"date":"2025-03-04T12:14:26","date_gmt":"2025-03-04T18:14:26","guid":{"rendered":"https:\/\/viajamagazine.com\/?p=8075"},"modified":"2025-03-04T18:14:27","modified_gmt":"2025-03-04T18:14:27","slug":"vehiculo-atropella-a-multitud-en-ciudad-alemana-de-mannheim-muere-una-persona","status":"publish","type":"post","link":"https:\/\/viajamagazine.com\/?p=8075","title":{"rendered":"Veh\u00edculo atropella a multitud en ciudad alemana de Mannheim, muere una persona"},"content":{"rendered":"<div class=\"el-scrollbar__wrap\">\n<div class=\"el-scrollbar__view\">\n<div class=\"news-content\" data-v-1eda797c=\"\">BERL\u00cdN, 3 mar (Xinhua) &#8212; Una persona muri\u00f3 y varias m\u00e1s resultaron heridas hoy lunes despu\u00e9s de que un auto atropellara a una multitud en el centro de Mannheim, una ciudad en el suroeste de Alemania, dijo la Polic\u00eda local. Un sospechoso fue arrestado despu\u00e9s de una operaci\u00f3n de b\u00fasqueda que se emprendi\u00f3 de inmediato, confirmaron las autoridades. La Polic\u00eda a\u00fan no ha dado a conocer la cifra exacta de quienes sufrieron heridas ni la gravedad de las mismas. Previamente, las fuerzas de aplicaci\u00f3n de la ley indicaron en la red social X que estaba en marcha una operaci\u00f3n policial y de respuesta de emergencia. Medios locales informaron que el veh\u00edculo involucrado fue una SUV negra, cuyos restos quedaron dispersos en el lugar. A\u00fan no est\u00e1 claro si el incidente fue un accidente o un ataque. Las autoridades han instado al p\u00fablico a evitar el centro de la ciudad y a utilizar rutas alternas ante una posible amenaza. Fin<\/div>\n<\/div>\n<\/div>\n<div class=\"el-scrollbar__bar is-horizontal\"><\/div>\n","protected":false},"excerpt":{"rendered":"<p>BERL\u00cdN, 3 mar (Xinhua) &#8212; Una persona muri\u00f3 y varias m\u00e1s resultaron heridas hoy lunes&#8230;<\/p>\n","protected":false},"author":1,"featured_media":0,"comment_status":"open","ping_status":"closed","sticky":false,"template":"","format":"standard","meta":{"footnotes":""},"categories":[2],"tags":[],"class_list":["post-8075","post","type-post","status-publish","format-standard","hentry","category-internacional"],"_links":{"self":[{"href":"https:\/\/viajamagazine.com\/index.php?rest_route=\/wp\/v2\/posts\/8075","targetHints":{"allow":["GET"]}}],"collection":[{"href":"https:\/\/viajamagazine.com\/index.php?rest_route=\/wp\/v2\/posts"}],"about":[{"href":"https:\/\/viajamagazine.com\/index.php?rest_route=\/wp\/v2\/types\/post"}],"author":[{"embeddable":true,"href":"https:\/\/viajamagazine.com\/index.php?rest_route=\/wp\/v2\/users\/1"}],"replies":[{"embeddable":true,"href":"https:\/\/viajamagazine.com\/index.php?rest_route=%2Fwp%2Fv2%2Fcomments&post=8075"}],"version-history":[{"count":1,"href":"https:\/\/viajamagazine.com\/index.php?rest_route=\/wp\/v2\/posts\/8075\/revisions"}],"predecessor-version":[{"id":8076,"href":"https:\/\/viajamagazine.com\/index.php?rest_route=\/wp\/v2\/posts\/8075\/revisions\/8076"}],"wp:attachment":[{"href":"https:\/\/viajamagazine.com\/index.php?rest_route=%2Fwp%2Fv2%2Fmedia&parent=8075"}],"wp:term":[{"taxonomy":"category","embeddable":true,"href":"https:\/\/viajamagazine.com\/index.php?rest_route=%2Fwp%2Fv2%2Fcategories&post=8075"},{"taxonomy":"post_tag","embeddable":true,"href":"https:\/\/viajamagazine.com\/index.php?rest_route=%2Fwp%2Fv2%2Ftags&post=8075"}],"curies":[{"name":"wp","href":"https:\/\/api.w.org\/{rel}","templated":true}]}}