{"id":7959,"date":"2025-03-03T22:15:12","date_gmt":"2025-03-04T04:15:12","guid":{"rendered":"https:\/\/viajamagazine.com\/?p=7959"},"modified":"2025-03-04T04:15:13","modified_gmt":"2025-03-04T04:15:13","slug":"grecia-atenas-accidente-de-tren-segundo-aniversario-manifestacion-2","status":"publish","type":"post","link":"https:\/\/viajamagazine.com\/?p=7959","title":{"rendered":"GRECIA-ATENAS-ACCIDENTE DE TREN-SEGUNDO ANIVERSARIO-MANIFESTACION"},"content":{"rendered":"<div class=\"el-scrollbar__wrap\">\n<div class=\"el-scrollbar__view\">\n<div class=\"news-content\" data-v-1eda797c=\"\">(250301) &#8212; ATENAS, 1 marzo, 2025 (Xinhua) &#8212; Imagen del 28 de febrero de 2025 de bombas molotov lanzadas contra la polic\u00eda antidisturbios frente al Parlamento griego en una protesta masiva para conmemorar el segundo aniversario del accidente de tren m\u00e1s mort\u00edfero de la historia del pa\u00eds, en Atenas, Grecia. Una huelga general de 24 horas detuvo todas las formas de transporte p\u00fablico, dej\u00f3 en tierra los vuelos e interrumpi\u00f3 los servicios p\u00fablicos en Grecia el viernes. Las protestas en todo el pa\u00eds fueron organizadas por los sindicatos que representan a los trabajadores del sector p\u00fablico y privado para conmemorar el segundo aniversario del accidente de tren m\u00e1s mort\u00edfero del pa\u00eds, que se cobr\u00f3 57 vidas. (Xinhua\/Marios Lolos) (oa) da)<\/div>\n<\/div>\n<\/div>\n<div class=\"el-scrollbar__bar is-horizontal\"><\/div>\n","protected":false},"excerpt":{"rendered":"<p>(250301) &#8212; ATENAS, 1 marzo, 2025 (Xinhua) &#8212; Imagen del 28 de febrero de 2025&#8230;<\/p>\n","protected":false},"author":1,"featured_media":7961,"comment_status":"open","ping_status":"closed","sticky":false,"template":"","format":"standard","meta":{"footnotes":""},"categories":[2],"tags":[],"class_list":["post-7959","post","type-post","status-publish","format-standard","has-post-thumbnail","hentry","category-internacional"],"_links":{"self":[{"href":"https:\/\/viajamagazine.com\/index.php?rest_route=\/wp\/v2\/posts\/7959","targetHints":{"allow":["GET"]}}],"collection":[{"href":"https:\/\/viajamagazine.com\/index.php?rest_route=\/wp\/v2\/posts"}],"about":[{"href":"https:\/\/viajamagazine.com\/index.php?rest_route=\/wp\/v2\/types\/post"}],"author":[{"embeddable":true,"href":"https:\/\/viajamagazine.com\/index.php?rest_route=\/wp\/v2\/users\/1"}],"replies":[{"embeddable":true,"href":"https:\/\/viajamagazine.com\/index.php?rest_route=%2Fwp%2Fv2%2Fcomments&post=7959"}],"version-history":[{"count":1,"href":"https:\/\/viajamagazine.com\/index.php?rest_route=\/wp\/v2\/posts\/7959\/revisions"}],"predecessor-version":[{"id":7960,"href":"https:\/\/viajamagazine.com\/index.php?rest_route=\/wp\/v2\/posts\/7959\/revisions\/7960"}],"wp:featuredmedia":[{"embeddable":true,"href":"https:\/\/viajamagazine.com\/index.php?rest_route=\/wp\/v2\/media\/7961"}],"wp:attachment":[{"href":"https:\/\/viajamagazine.com\/index.php?rest_route=%2Fwp%2Fv2%2Fmedia&parent=7959"}],"wp:term":[{"taxonomy":"category","embeddable":true,"href":"https:\/\/viajamagazine.com\/index.php?rest_route=%2Fwp%2Fv2%2Fcategories&post=7959"},{"taxonomy":"post_tag","embeddable":true,"href":"https:\/\/viajamagazine.com\/index.php?rest_route=%2Fwp%2Fv2%2Ftags&post=7959"}],"curies":[{"name":"wp","href":"https:\/\/api.w.org\/{rel}","templated":true}]}}