{"id":7230,"date":"2025-03-03T11:39:28","date_gmt":"2025-03-03T17:39:28","guid":{"rendered":"https:\/\/viajamagazine.com\/?p=7230"},"modified":"2025-03-03T17:39:29","modified_gmt":"2025-03-03T17:39:29","slug":"al-menos-cinco-muertos-deja-choque-vial-multiple-en-sur-de-ecuador","status":"publish","type":"post","link":"https:\/\/viajamagazine.com\/?p=7230","title":{"rendered":"Al menos cinco muertos deja choque vial m\u00faltiple en sur de Ecuador"},"content":{"rendered":"<p>QUITO, 1 mar (Xinhua) &#8212; Al menos cinco personas murieron hoy s\u00e1bado en un choque m\u00faltiple que involucr\u00f3 a 11 veh\u00edculos en una carretera de la provincia andina de Azuay, en el sur de Ecuador, informaron medios locales con base en reportes del Servicio Integrado de Seguridad ECU 911. El choque m\u00faltiple se produjo en la v\u00eda Cuenca-Molleturo, en el sector de Sayaus\u00ed, en Cuenca, capital de la provincia de Azuay, seg\u00fan la Coordinaci\u00f3n Zonal del ECU 911 Austro. El siniestro fue provocado por un autob\u00fas de transporte urbano que se habr\u00eda quedado sin frenos e impact\u00f3 contra varios veh\u00edculos, indic\u00f3 el alcalde de Cuenca, Cristian Zamora, en la red social X. \u00abLamentablemente hay p\u00e9rdida de vidas humanas\u00bb, difundi\u00f3 el alcalde, tras indicar que se dispuso el env\u00edo inmediato de equipos de socorro para atender la emergencia. \u00abMi solidaridad con todas las familias de quienes han perdido la vida\u00bb, agreg\u00f3. El ECU 911 indic\u00f3 que se coordin\u00f3 la atenci\u00f3n del siniestro con el Cuerpo de Bomberos de la localidad, el Ministerio de Salud, la Comisi\u00f3n de Tr\u00e1nsito del Ecuador y otras entidades. La prensa local difundi\u00f3 que los cinco fallecidos son dos ocupantes de una motocicleta y tres pasajeros de un taxi que fueron impactados durante el choque m\u00faltiple. Las autoridades informaron que se inici\u00f3 una investigaci\u00f3n del caso y se detuvo al conductor del autob\u00fas causante de la tragedia, quien ser\u00e1 puesto a \u00f3rdenes de la Fiscal\u00eda. El autob\u00fas urbano pertenece a la cooperativa Pascuales de la ciudad de Guayaquil (suroeste) y no ten\u00eda permisos para circular en Cuenca, seg\u00fan las mismas fuentes. Este tr\u00e1gico hecho ocurri\u00f3 en el inicio de un feriado de cuatro d\u00edas decretado por el Gobierno con motivo de la celebraci\u00f3n del Carnaval. Los accidentes de tr\u00e1nsito son una de las principales causas de muerte en Ecuador, debido sobre todo al exceso de velocidad y a la impericia de los condu<\/p>\n","protected":false},"excerpt":{"rendered":"<p>QUITO, 1 mar (Xinhua) &#8212; Al menos cinco personas murieron hoy s\u00e1bado en un choque&#8230;<\/p>\n","protected":false},"author":1,"featured_media":0,"comment_status":"open","ping_status":"closed","sticky":false,"template":"","format":"standard","meta":{"footnotes":""},"categories":[2],"tags":[],"class_list":["post-7230","post","type-post","status-publish","format-standard","hentry","category-internacional"],"_links":{"self":[{"href":"https:\/\/viajamagazine.com\/index.php?rest_route=\/wp\/v2\/posts\/7230","targetHints":{"allow":["GET"]}}],"collection":[{"href":"https:\/\/viajamagazine.com\/index.php?rest_route=\/wp\/v2\/posts"}],"about":[{"href":"https:\/\/viajamagazine.com\/index.php?rest_route=\/wp\/v2\/types\/post"}],"author":[{"embeddable":true,"href":"https:\/\/viajamagazine.com\/index.php?rest_route=\/wp\/v2\/users\/1"}],"replies":[{"embeddable":true,"href":"https:\/\/viajamagazine.com\/index.php?rest_route=%2Fwp%2Fv2%2Fcomments&post=7230"}],"version-history":[{"count":1,"href":"https:\/\/viajamagazine.com\/index.php?rest_route=\/wp\/v2\/posts\/7230\/revisions"}],"predecessor-version":[{"id":7231,"href":"https:\/\/viajamagazine.com\/index.php?rest_route=\/wp\/v2\/posts\/7230\/revisions\/7231"}],"wp:attachment":[{"href":"https:\/\/viajamagazine.com\/index.php?rest_route=%2Fwp%2Fv2%2Fmedia&parent=7230"}],"wp:term":[{"taxonomy":"category","embeddable":true,"href":"https:\/\/viajamagazine.com\/index.php?rest_route=%2Fwp%2Fv2%2Fcategories&post=7230"},{"taxonomy":"post_tag","embeddable":true,"href":"https:\/\/viajamagazine.com\/index.php?rest_route=%2Fwp%2Fv2%2Ftags&post=7230"}],"curies":[{"name":"wp","href":"https:\/\/api.w.org\/{rel}","templated":true}]}}