{"id":7228,"date":"2025-03-03T11:38:51","date_gmt":"2025-03-03T17:38:51","guid":{"rendered":"https:\/\/viajamagazine.com\/?p=7228"},"modified":"2025-03-03T17:38:52","modified_gmt":"2025-03-03T17:38:52","slug":"nuevo-presidente-de-uruguay-subraya-valor-de-democracia-y-dice-que-no-llega-con-una-logica-de-imposicion","status":"publish","type":"post","link":"https:\/\/viajamagazine.com\/?p=7228","title":{"rendered":"Nuevo presidente de Uruguay subraya valor de democracia y dice que no llega con una l\u00f3gica de imposici\u00f3n"},"content":{"rendered":"<p>MONTEVIDEO, 1 mar (Xinhua) &#8212; El nuevo presidente de Uruguay, Yamand\u00fa Orsi, dijo hoy s\u00e1bado, tras tomar juramento en el Parlamento, que es necesario preservar la acumulaci\u00f3n de los partidos pol\u00edticos por la democracia y aclar\u00f3 que el izquierdista Frente Amplio (FA) no regresa al poder con una l\u00f3gica de imposici\u00f3n. \u00abGracias partidos pol\u00edticos por hacer de este Uruguay una amalgama plural de convivencia que a\u00fan despierta su asombro en el mundo\u00bb, dijo Orsi, y destac\u00f3 que hoy hace 40 a\u00f1os se restableci\u00f3 la democracia en el pa\u00eds. Luego de ofrecer su compromiso de honor constitucional, en un discurso de unos 25 minutos agradeci\u00f3 a los expresidentes Julio Mar\u00eda Sanguinetti (Partido Colorado), Luis Alberto Lacalle (Partido Nacional) y Jos\u00e9 Mujica (FA), quienes estaban presentes en el Palacio Legislativo. \u00abAs\u00ed como no hay Rep\u00fablica, ni libertad, ni convivencia pac\u00edfica sin democracia, tampoco hay democracia sin partidos pol\u00edticos; bien sabemos que tenemos que atesorar esta construcci\u00f3n en tiempos donde proliferan las expresiones de antipol\u00edtica y las l\u00f3gicas excluyentes\u00bb, sostuvo. \u00abSeamos siempre adversarios, pero nunca enemigos\u00bb, enfatiz\u00f3 Orsi, un docente de historia de 57 a\u00f1os que gobern\u00f3 en la \u00faltima d\u00e9cada el departamento clave de Canelones (sur). Agreg\u00f3 que \u00abeste Gobierno llega precedido entonces de esa acumulaci\u00f3n positiva y es mi deber, adem\u00e1s de mi convicci\u00f3n, cultivarla en distintos planos de la vida nacional\u00bb. \u00abGracias a esa acumulaci\u00f3n hemos conquistado cada vez m\u00e1s derechos, cada vez m\u00e1s desarrollo cultural, art\u00edstico y cient\u00edfico\u00bb, resalt\u00f3. \u00abEsa acumulaci\u00f3n positiva ha permitido tambi\u00e9n que Uruguay sea un pa\u00eds de reglas estables, donde los contratos se cumplen, donde el Estado honra sus compromisos, donde la estabilidad macroecon\u00f3mica es una pol\u00edtica de Estado\u00bb, indic\u00f3 en una sesi\u00f3n del Parlamento a la que asistieron decenas de presidentes y jefes de Estado extranjeros. Orsi remarc\u00f3 que \u00abla acumulaci\u00f3n positiva tambi\u00e9n trasciende fronteras, porque Uruguay es reconocido en el mundo por su vocaci\u00f3n de paz, su incansable brega en pos de la soluci\u00f3n pac\u00edfica de los conflictos y por ser una tierra fraterna y hospitalaria con los migrantes de todas las latitudes\u00bb. En ese sentido, dijo que para \u00abcontinuar ese camino ser\u00e1 necesario mucho di\u00e1logo, mano tendida y capacidad de comprender las distintas sensibilidades que expresa nuestra comunidad. Y no me refiero s\u00f3lo a las sensibilidades partidarias, sino tambi\u00e9n a las sociales, culturales, geogr\u00e1ficas, \u00e9tnicas, de g\u00e9nero, entre otras\u00bb. Sostuvo que \u00abno llegamos al Gobierno con la l\u00f3gica de imponer. Personalmente me revelo contra ese supuesto pa\u00eds de las dos mitades, donde la mitad que gana recurre al orden y mando, y la otra mitad debe estar poco menos que condenada a obedecer bajo protesta\u00bb. \u00abLlegamos en representaci\u00f3n de un partido pol\u00edtico que mantiene, desde hace d\u00e9cadas, principios y valores puestos a prueba, incluso, en las circunstancias m\u00e1s tr\u00e1gicas\u00bb y \u00abcon el mandato ciudadano de cumplir un programa\u00bb, el cual aspira \u00aba revertir los problemas urgentes que padecen sectores importantes del pueblo uruguayo\u00bb, indic\u00f3. Reafirm\u00f3 que el FA, que estuvo cinco a\u00f1os en la oposici\u00f3n tras gobernar de 2005 a 2020, no llega con el af\u00e1n de \u00abcobrar cuenta alguna\u00bb ni con \u00abun esp\u00edritu refundacional, pero s\u00ed con la certeza de que las causas de nuestro pueblo no admiten la menor demora\u00bb. En su alocuci\u00f3n le\u00edda, Orsi mencion\u00f3 que Uruguay \u00abnecesita recuperar una senda de crecimiento que genere, a partir del desarrollo m\u00e1s intensivo del conocimiento y de la inversi\u00f3n, no s\u00f3lo mayor cantidad, sino tambi\u00e9n, calidad de trabajo; que permita un piso de dignidad salarial y, con ello, una mejor distribuci\u00f3n del ingreso\u00bb. En ese sentido, plante\u00f3 la necesidad de adoptar medidas a nivel de mitigaci\u00f3n del cambio clim\u00e1tico, infraestructura, y la creaci\u00f3n de una Secretar\u00eda de Ciencia, Tecnolog\u00eda e Innovaci\u00f3n en Presidencia. Adem\u00e1s, llam\u00f3 a \u00abreconstruir la convivencia entre nosotros, sabiendo que la seguridad constituye uno de nuestros derechos humanos fundamentales\u00bb y anunci\u00f3 que \u00abno habr\u00e1 contemplaci\u00f3n alguna con el delito\u00bb y que se atender\u00e1n de manera decidida \u00ablas m\u00faltiples causantes de la violencia\u00bb. Tambi\u00e9n abog\u00f3 por \u00abreconstruir una matriz de protecci\u00f3n social que tanto nos ha identificado y distinguido como pa\u00eds\u00bb e hizo menci\u00f3n especial al problema de la pobreza infantil. \u00abLa libertad individual en la que creemos es en clave de convivencia e igualdad de oportunidades en los aspectos esenciales de la vida\u00bb, resumi\u00f3. Expres\u00f3, en tanto, su deseo de que \u00abesta regi\u00f3n siga siendo un continente de paz, con mayor estabilidad, equilibrio social y econ\u00f3mico, y que seamos capaces de un mejor proceso de integraci\u00f3n\u00bb. \u00abQue nuestro pa\u00eds sea un faro de convivencia, de respeto y de desarrollo para todos los uruguayos y uruguayas\u00bb, cerr\u00f3 el 43\u00b0 presidente constitucional del pa\u00eds sudamericano. La ceremonia de traspaso de mando presidencial se realiz\u00f3 m\u00e1s tarde al aire libre en la emblem\u00e1tica Plaza Independencia, en cuya circunvalaci\u00f3n se asientan la Torre Ejecutiva, sede del Gobierno, y el Palacio Est\u00e9vez, antigua sede presidencial. Orsi y la nueva vicepresidenta Carolina Cosse, quien tambi\u00e9n prest\u00f3 juramento ante la Asamblea General, recorrieron en un autom\u00f3vil el\u00e9ctrico el trayecto de 2,5 kil\u00f3metros entre el Palacio Legislativo y la Plaza Independencia. Miles de ciudadanos y militantes del FA esperaron el paso del veh\u00edculo por la Avenida Libertador y la Avenida 18 de Julio para saludar al nuevo presidente en una tarde c\u00e1lida y nublada, tras las lluvias registradas en las horas previas, cuando el verano austral entra en la recta final. En el acto en la Plaza Independencia, el presidente saliente Luis Lacalle Pou (2020-2025) entreg\u00f3 la banda presidencial a Orsi. Entre los asistentes a la investidura figuran los presidentes de Alemania, Frank-Walter Steinmeier; Armenia, Vahagn Jachaturi\u00e1n; Bolivia, Luis Arce; Brasil, Luiz In\u00e1cio Lula da Silva; Chile, Gabriel Boric; Paraguay, Santiago Pe\u00f1a; Colombia, Gustavo Petro; Honduras, Xiomara Castro; Panam\u00e1, Jos\u00e9 Ra\u00fal Mulino; Guatemala, Bernardo Ar\u00e9valo; Rep\u00fablica Dominicana, Luis Abinader, el rey de Espa\u00f1a, Felipe VI, y decenas de delegaciones de pa\u00edses y organismos internacionales. que gobern\u00f3 en la \u00faltima d\u00e9cada el departamento clave de Canelones (sur). Agreg\u00f3 que \u00abeste Gobierno llega precedido entonces de esa acumulaci\u00f3n positiva y es mi deber, adem\u00e1s de mi convicci\u00f3n, cultivarla en distintos planos de la vida nacional\u00bb. \u00abGracias a esa acumulaci\u00f3n hemos conquistado cada vez m\u00e1s derechos, cada vez m\u00e1s desarrollo cultural, art\u00edstico y cient\u00edfico\u00bb, resalt\u00f3. \u00abEsa acumulaci\u00f3n positiva ha permitido tambi\u00e9n que Uruguay sea un pa\u00eds de reglas estables, donde los contratos se cumplen, donde el Estado honra sus compromisos, donde la estabilidad macroecon\u00f3mica es una pol\u00edtica de Estado\u00bb, indic\u00f3 en una sesi\u00f3n del Parlamento a la que asistieron decenas de presidentes y jefes de Estado extranjeros. Orsi remarc\u00f3 que \u00abla acumulaci\u00f3n positiva tambi\u00e9n trasciende fronteras, porque Uruguay es reconocido en el mundo por su vocaci\u00f3n de paz, su incansable brega en pos de la soluci\u00f3n pac\u00edfica de los conflictos y por ser una tierra fraterna y hospitalaria con los migrantes de todas las latitudes\u00bb. En ese sentido, dijo que para \u00abcontinuar ese camino ser\u00e1 necesario mucho di\u00e1logo, mano tendida y capacidad de comprender las distintas sensibilidades que expresa nuestra comunidad. Y no me refiero s\u00f3lo a las sensibilidades partidarias, sino tambi\u00e9n a las sociales, culturales, geogr\u00e1ficas, \u00e9tnicas, de g\u00e9nero, entre otras\u00bb. Sostuvo que \u00abno llegamos al Gobierno con la l\u00f3gica de imponer. Personalmente me revelo contra ese supuesto pa\u00eds de las dos mitades, donde la mitad que gana recurre al orden y mando, y la otra mitad debe estar poco menos que condenada a obedecer bajo protesta\u00bb. \u00abLlegamos en representaci\u00f3n de un partido pol\u00edtico que mantiene, desde hace d\u00e9cadas, principios y valores puestos a prueba, incluso, en las circunstancias m\u00e1s tr\u00e1gicas\u00bb y \u00abcon el mandato ciudadano de cumplir un programa\u00bb, el cual aspira \u00aba revertir los problemas urgentes que padecen sectores importantes del pueblo uruguayo\u00bb, indic\u00f3. Reafirm\u00f3 que el FA, que estuvo cinco a\u00f1os en la oposici\u00f3n tras gobernar de 2005 a 2020, no llega con el af\u00e1n de \u00abcobrar cuenta alguna\u00bb ni con \u00abun esp\u00edritu refundacional, pero s\u00ed con la certeza de que las causas de nuestro pueblo no admiten la menor demora\u00bb. En su alocuci\u00f3n le\u00edda, Orsi mencion\u00f3 que Uruguay \u00abnecesita recuperar una senda de crecimiento que genere, a partir del desarrollo m\u00e1s intensivo del conocimiento y de la inversi\u00f3n, no s\u00f3lo mayor cantidad, sino tambi\u00e9n, calidad de trabajo; que permita un piso de dignidad salarial y, con ello, una mejor distribuci\u00f3n del ingreso\u00bb. En ese sentido, plante\u00f3 la necesidad de adoptar medidas a nivel de mitigaci\u00f3n del cambio clim\u00e1tico, infraestructura, y la creaci\u00f3n de una Secretar\u00eda de Ciencia, Tecnolog\u00eda e Innovaci\u00f3n en Presidencia. Adem\u00e1s, llam\u00f3 a \u00abreconstruir la convivencia entre nosotros, sabiendo que la seguridad constituye uno de nuestros derechos humanos fundamentales\u00bb y anunci\u00f3 que \u00abno habr\u00e1 contemplaci\u00f3n alguna con el delito\u00bb y que se atender\u00e1n de manera decidida \u00ablas m\u00faltiples causantes de la violencia\u00bb. Tambi\u00e9n abog\u00f3 por \u00abreconstruir una matriz de protecci\u00f3n social que tanto nos ha identificado y distinguido como pa\u00eds\u00bb e hizo menci\u00f3n especial al problema de la pobreza infantil. \u00abLa libertad individual en la que creemos es en clave de convivencia e igualdad de oportunidades en los aspectos esenciales de la vida\u00bb, resumi\u00f3. Expres\u00f3, en tanto, su deseo de que \u00abesta regi\u00f3n siga siendo un continente de paz, con mayor estabilidad, equilibrio social y econ\u00f3mico, y que seamos capaces de un mejor proceso de integraci\u00f3n\u00bb. \u00abQue nuestro pa\u00eds sea un faro de convivencia, de respeto y de desarrollo para todos los uruguayos y uruguayas\u00bb, cerr\u00f3 el 43\u00b0 presidente constitucional del pa\u00eds sudamericano. La ceremonia de traspaso de mando presidencial se realiz\u00f3 m\u00e1s tarde al aire libre en la emblem\u00e1tica Plaza Independencia, en cuya circunvalaci\u00f3n se asientan la Torre Ejecutiva, sede del Gobierno, y el Palacio Est\u00e9vez, antigua sede presidencial. Orsi y la nueva vicepresidenta Carolina Cosse, quien tambi\u00e9n prest\u00f3 juramento ante la Asamblea General, recorrieron en un autom\u00f3vil el\u00e9ctrico el trayecto de 2,5 kil\u00f3metros entre el Palacio Legislativo y la Plaza Independencia. Miles de ciudadanos y militantes del FA esperaron el paso del veh\u00edculo por la Avenida Libertador y la Avenida 18 de Julio para saludar al nuevo presidente en una tarde c\u00e1lida y nublada, tras las lluvias registradas en las horas previas, cuando el verano austral entra en la recta final. En el acto en la Plaza Independencia, el presidente saliente Luis Lacalle Pou (2020-2025) entreg\u00f3 la banda presidencial a Orsi. Entre los asistentes a la investidura figuran los presidentes de Alemania, Frank-Walter Steinmeier; Armenia, Vahagn Jachaturi\u00e1n; Bolivia, Luis Arce; Brasil, Luiz In\u00e1cio Lula da Silva; Chile, Gabriel Boric; Paraguay, Santiago Pe\u00f1a; Colombia, Gustavo Petro; Honduras, Xiomara Castro; Panam\u00e1, Jos\u00e9 Ra\u00fal Mulino; Guatemala, Bernardo Ar\u00e9valo; Rep\u00fablica Dominicana, Luis Abinader, el rey de Espa\u00f1a, Felipe VI, y decenas de delegaciones de pa\u00edses y organismos internacionales. Fin<\/p>\n","protected":false},"excerpt":{"rendered":"<p>MONTEVIDEO, 1 mar (Xinhua) &#8212; El nuevo presidente de Uruguay, Yamand\u00fa Orsi, dijo hoy s\u00e1bado,&#8230;<\/p>\n","protected":false},"author":1,"featured_media":0,"comment_status":"open","ping_status":"closed","sticky":false,"template":"","format":"standard","meta":{"footnotes":""},"categories":[2],"tags":[],"class_list":["post-7228","post","type-post","status-publish","format-standard","hentry","category-internacional"],"_links":{"self":[{"href":"https:\/\/viajamagazine.com\/index.php?rest_route=\/wp\/v2\/posts\/7228","targetHints":{"allow":["GET"]}}],"collection":[{"href":"https:\/\/viajamagazine.com\/index.php?rest_route=\/wp\/v2\/posts"}],"about":[{"href":"https:\/\/viajamagazine.com\/index.php?rest_route=\/wp\/v2\/types\/post"}],"author":[{"embeddable":true,"href":"https:\/\/viajamagazine.com\/index.php?rest_route=\/wp\/v2\/users\/1"}],"replies":[{"embeddable":true,"href":"https:\/\/viajamagazine.com\/index.php?rest_route=%2Fwp%2Fv2%2Fcomments&post=7228"}],"version-history":[{"count":1,"href":"https:\/\/viajamagazine.com\/index.php?rest_route=\/wp\/v2\/posts\/7228\/revisions"}],"predecessor-version":[{"id":7229,"href":"https:\/\/viajamagazine.com\/index.php?rest_route=\/wp\/v2\/posts\/7228\/revisions\/7229"}],"wp:attachment":[{"href":"https:\/\/viajamagazine.com\/index.php?rest_route=%2Fwp%2Fv2%2Fmedia&parent=7228"}],"wp:term":[{"taxonomy":"category","embeddable":true,"href":"https:\/\/viajamagazine.com\/index.php?rest_route=%2Fwp%2Fv2%2Fcategories&post=7228"},{"taxonomy":"post_tag","embeddable":true,"href":"https:\/\/viajamagazine.com\/index.php?rest_route=%2Fwp%2Fv2%2Ftags&post=7228"}],"curies":[{"name":"wp","href":"https:\/\/api.w.org\/{rel}","templated":true}]}}