{"id":7197,"date":"2025-03-03T11:31:18","date_gmt":"2025-03-03T17:31:18","guid":{"rendered":"https:\/\/viajamagazine.com\/?p=7197"},"modified":"2025-03-03T17:31:19","modified_gmt":"2025-03-03T17:31:19","slug":"ampliacion-pkk-declara-cese-al-fuego-con-turquia","status":"publish","type":"post","link":"https:\/\/viajamagazine.com\/?p=7197","title":{"rendered":"AMPLIACI\u00d3N: PKK declara cese al fuego con Turqu\u00eda"},"content":{"rendered":"<div class=\"el-scrollbar__wrap\">\n<div class=\"el-scrollbar__view\">\n<div class=\"news-content\" data-v-1eda797c=\"\">ESTAMBUL, 1 mar (Xinhua) &#8212; El Partido de los Trabajadores del Kurdist\u00e1n (PKK) declar\u00f3 un alto el fuego con Turqu\u00eda, tras el llamado de su encarcelado l\u00edder Abdullah \u00d6calan al desarme y la disoluci\u00f3n de la organizaci\u00f3n, informaron hoy s\u00e1bado los medios de comunicaci\u00f3n locales. El Comit\u00e9 Ejecutivo del PKK anunci\u00f3 en un comunicado que ninguna de sus fuerzas llevar\u00eda a cabo acciones armadas a menos que fuera atacada, seg\u00fan la cadena NTV. \u00abNosotros, como el PKK, estamos totalmente de acuerdo con el contenido del mencionado llamamiento (de \u00d6calan) y declaramos que cumpliremos y aplicaremos sus exigencias por nuestra parte\u00bb, reza el texto. El grupo tambi\u00e9n dijo estar dispuesto a convocar a un congreso, pero subray\u00f3 que su \u00e9xito requiere que \u00d6calan \u00ablo dirija personalmente\u00bb, pidiendo su excarcelaci\u00f3n. \u00abEsperamos que las autoridades estatales pertinentes garanticen la libertad f\u00edsica de Abdullah \u00d6calan, permiti\u00e9ndole vivir y trabajar en condiciones normales\u00bb, dijo el PKK. El jueves, \u00d6calan pidi\u00f3 a todas las facciones afiliadas al PKK que depusieran las armas e inst\u00f3 al PKK a disolverse. La medida llega en el marco de una iniciativa lanzada por el Gobierno de Turqu\u00eda para poner fin a los 40 a\u00f1os de insurgencia del PKK contra el Estado turco, conflicto que se ha cobrado m\u00e1s de 40.000 vidas. \u00d6calan, recluido desde 1999 en r\u00e9gimen de aislamiento casi total en la isla de Imrali, en el mar de M\u00e1rmara, frente a Estambul, fund\u00f3 el PKK en 1978, al que califican de grupo terrorista Turqu\u00eda, Estados Unidos y la Uni\u00f3n Europea. Fin<\/div>\n<\/div>\n<\/div>\n<div class=\"el-scrollbar__bar is-horizontal\"><\/div>\n","protected":false},"excerpt":{"rendered":"<p>ESTAMBUL, 1 mar (Xinhua) &#8212; El Partido de los Trabajadores del Kurdist\u00e1n (PKK) declar\u00f3 un&#8230;<\/p>\n","protected":false},"author":1,"featured_media":0,"comment_status":"open","ping_status":"closed","sticky":false,"template":"","format":"standard","meta":{"footnotes":""},"categories":[2],"tags":[],"class_list":["post-7197","post","type-post","status-publish","format-standard","hentry","category-internacional"],"_links":{"self":[{"href":"https:\/\/viajamagazine.com\/index.php?rest_route=\/wp\/v2\/posts\/7197","targetHints":{"allow":["GET"]}}],"collection":[{"href":"https:\/\/viajamagazine.com\/index.php?rest_route=\/wp\/v2\/posts"}],"about":[{"href":"https:\/\/viajamagazine.com\/index.php?rest_route=\/wp\/v2\/types\/post"}],"author":[{"embeddable":true,"href":"https:\/\/viajamagazine.com\/index.php?rest_route=\/wp\/v2\/users\/1"}],"replies":[{"embeddable":true,"href":"https:\/\/viajamagazine.com\/index.php?rest_route=%2Fwp%2Fv2%2Fcomments&post=7197"}],"version-history":[{"count":1,"href":"https:\/\/viajamagazine.com\/index.php?rest_route=\/wp\/v2\/posts\/7197\/revisions"}],"predecessor-version":[{"id":7198,"href":"https:\/\/viajamagazine.com\/index.php?rest_route=\/wp\/v2\/posts\/7197\/revisions\/7198"}],"wp:attachment":[{"href":"https:\/\/viajamagazine.com\/index.php?rest_route=%2Fwp%2Fv2%2Fmedia&parent=7197"}],"wp:term":[{"taxonomy":"category","embeddable":true,"href":"https:\/\/viajamagazine.com\/index.php?rest_route=%2Fwp%2Fv2%2Fcategories&post=7197"},{"taxonomy":"post_tag","embeddable":true,"href":"https:\/\/viajamagazine.com\/index.php?rest_route=%2Fwp%2Fv2%2Ftags&post=7197"}],"curies":[{"name":"wp","href":"https:\/\/api.w.org\/{rel}","templated":true}]}}