{"id":7194,"date":"2025-03-03T11:31:05","date_gmt":"2025-03-03T17:31:05","guid":{"rendered":"https:\/\/viajamagazine.com\/?p=7194"},"modified":"2025-03-03T17:31:06","modified_gmt":"2025-03-03T17:31:06","slug":"uruguay-montevideo-presidente-inauguracion","status":"publish","type":"post","link":"https:\/\/viajamagazine.com\/?p=7194","title":{"rendered":"URUGUAY-MONTEVIDEO-PRESIDENTE-INAUGURACION"},"content":{"rendered":"<div class=\"el-scrollbar__wrap\">\n<div class=\"el-scrollbar__view\">\n<div class=\"news-content\" data-v-1eda797c=\"\">(250302) &#8212; MONTEVIDEO, 2 marzo, 2025 (Xinhua) &#8212; Imagen del 1 de marzo de 2025 del nuevo presidente uruguayo, Yamand\u00fa Orsi (i), y la vicepresidenta, Carolina Cosse, saludando al pueblo, en Montevideo, Uruguay. Yamand\u00fa Orsi fue juramentado el s\u00e1bado como presidente uruguayo por un periodo de cinco a\u00f1os. (Xinhua\/Zhang Duo) (rtg) (ah)<\/div>\n<\/div>\n<\/div>\n<div class=\"el-scrollbar__bar is-horizontal\"><\/div>\n","protected":false},"excerpt":{"rendered":"<p>(250302) &#8212; MONTEVIDEO, 2 marzo, 2025 (Xinhua) &#8212; Imagen del 1 de marzo de 2025&#8230;<\/p>\n","protected":false},"author":1,"featured_media":7196,"comment_status":"open","ping_status":"closed","sticky":false,"template":"","format":"standard","meta":{"footnotes":""},"categories":[2],"tags":[],"class_list":["post-7194","post","type-post","status-publish","format-standard","has-post-thumbnail","hentry","category-internacional"],"_links":{"self":[{"href":"https:\/\/viajamagazine.com\/index.php?rest_route=\/wp\/v2\/posts\/7194","targetHints":{"allow":["GET"]}}],"collection":[{"href":"https:\/\/viajamagazine.com\/index.php?rest_route=\/wp\/v2\/posts"}],"about":[{"href":"https:\/\/viajamagazine.com\/index.php?rest_route=\/wp\/v2\/types\/post"}],"author":[{"embeddable":true,"href":"https:\/\/viajamagazine.com\/index.php?rest_route=\/wp\/v2\/users\/1"}],"replies":[{"embeddable":true,"href":"https:\/\/viajamagazine.com\/index.php?rest_route=%2Fwp%2Fv2%2Fcomments&post=7194"}],"version-history":[{"count":1,"href":"https:\/\/viajamagazine.com\/index.php?rest_route=\/wp\/v2\/posts\/7194\/revisions"}],"predecessor-version":[{"id":7195,"href":"https:\/\/viajamagazine.com\/index.php?rest_route=\/wp\/v2\/posts\/7194\/revisions\/7195"}],"wp:featuredmedia":[{"embeddable":true,"href":"https:\/\/viajamagazine.com\/index.php?rest_route=\/wp\/v2\/media\/7196"}],"wp:attachment":[{"href":"https:\/\/viajamagazine.com\/index.php?rest_route=%2Fwp%2Fv2%2Fmedia&parent=7194"}],"wp:term":[{"taxonomy":"category","embeddable":true,"href":"https:\/\/viajamagazine.com\/index.php?rest_route=%2Fwp%2Fv2%2Fcategories&post=7194"},{"taxonomy":"post_tag","embeddable":true,"href":"https:\/\/viajamagazine.com\/index.php?rest_route=%2Fwp%2Fv2%2Ftags&post=7194"}],"curies":[{"name":"wp","href":"https:\/\/api.w.org\/{rel}","templated":true}]}}