{"id":7192,"date":"2025-03-03T11:30:44","date_gmt":"2025-03-03T17:30:44","guid":{"rendered":"https:\/\/viajamagazine.com\/?p=7192"},"modified":"2025-03-03T17:30:45","modified_gmt":"2025-03-03T17:30:45","slug":"maximo-organo-asesor-politico-de-china-inaugura-sesion-de-su-comite-permanente","status":"publish","type":"post","link":"https:\/\/viajamagazine.com\/?p=7192","title":{"rendered":"M\u00e1ximo \u00f3rgano asesor pol\u00edtico de China inaugura sesi\u00f3n de su comit\u00e9 permanente"},"content":{"rendered":"<p>BEIJING, 1 mar (Xinhua) &#8212; El Comit\u00e9 Nacional de la Conferencia Consultiva Pol\u00edtica del Pueblo Chino (CCPPCh), el m\u00e1ximo \u00f3rgano asesor pol\u00edtico del pa\u00eds, inaugur\u00f3 hoy s\u00e1bado en Beijing la d\u00e9cima sesi\u00f3n de su comit\u00e9 permanente para prepararse para la venidera sesi\u00f3n anual del Comit\u00e9 Nacional de la CCPPCh. Wang Huning, miembro del Comit\u00e9 Permanente del Bur\u00f3 Pol\u00edtico del Comit\u00e9 Central del Partido Comunista de China y presidente del Comit\u00e9 Nacional de la CCPPCh, asisti\u00f3 a la reuni\u00f3n de apertura. En la sesi\u00f3n del comit\u00e9 permanente se revis\u00f3 y adopt\u00f3 una decisi\u00f3n sobre la convocatoria de la tercera sesi\u00f3n del XIV Comit\u00e9 Nacional de la CCPPCh, que comenzar\u00e1 el 4 de marzo en Beijing. En la sesi\u00f3n se escucharon explicaciones sobre la redacci\u00f3n de un informe de trabajo del Comit\u00e9 Permanente del Comit\u00e9 Nacional de la CCPPCh y un informe sobre c\u00f3mo se han manejado las propuestas de los asesores pol\u00edticos desde la segunda sesi\u00f3n del XIV Comit\u00e9 Nacional de la CCPPCh, as\u00ed como otros informes. Fin<\/p>\n","protected":false},"excerpt":{"rendered":"<p>BEIJING, 1 mar (Xinhua) &#8212; El Comit\u00e9 Nacional de la Conferencia Consultiva Pol\u00edtica del Pueblo&#8230;<\/p>\n","protected":false},"author":1,"featured_media":0,"comment_status":"open","ping_status":"closed","sticky":false,"template":"","format":"standard","meta":{"footnotes":""},"categories":[2],"tags":[],"class_list":["post-7192","post","type-post","status-publish","format-standard","hentry","category-internacional"],"_links":{"self":[{"href":"https:\/\/viajamagazine.com\/index.php?rest_route=\/wp\/v2\/posts\/7192","targetHints":{"allow":["GET"]}}],"collection":[{"href":"https:\/\/viajamagazine.com\/index.php?rest_route=\/wp\/v2\/posts"}],"about":[{"href":"https:\/\/viajamagazine.com\/index.php?rest_route=\/wp\/v2\/types\/post"}],"author":[{"embeddable":true,"href":"https:\/\/viajamagazine.com\/index.php?rest_route=\/wp\/v2\/users\/1"}],"replies":[{"embeddable":true,"href":"https:\/\/viajamagazine.com\/index.php?rest_route=%2Fwp%2Fv2%2Fcomments&post=7192"}],"version-history":[{"count":1,"href":"https:\/\/viajamagazine.com\/index.php?rest_route=\/wp\/v2\/posts\/7192\/revisions"}],"predecessor-version":[{"id":7193,"href":"https:\/\/viajamagazine.com\/index.php?rest_route=\/wp\/v2\/posts\/7192\/revisions\/7193"}],"wp:attachment":[{"href":"https:\/\/viajamagazine.com\/index.php?rest_route=%2Fwp%2Fv2%2Fmedia&parent=7192"}],"wp:term":[{"taxonomy":"category","embeddable":true,"href":"https:\/\/viajamagazine.com\/index.php?rest_route=%2Fwp%2Fv2%2Fcategories&post=7192"},{"taxonomy":"post_tag","embeddable":true,"href":"https:\/\/viajamagazine.com\/index.php?rest_route=%2Fwp%2Fv2%2Ftags&post=7192"}],"curies":[{"name":"wp","href":"https:\/\/api.w.org\/{rel}","templated":true}]}}