{"id":7143,"date":"2025-03-03T11:23:30","date_gmt":"2025-03-03T17:23:30","guid":{"rendered":"https:\/\/viajamagazine.com\/?p=7143"},"modified":"2025-03-03T17:23:31","modified_gmt":"2025-03-03T17:23:31","slug":"entrevista-festival-vina-del-mar-ha-cruzado-historia-reciente-de-chile-rescata-musico-claudio-narea-de-los-prisioneros","status":"publish","type":"post","link":"https:\/\/viajamagazine.com\/?p=7143","title":{"rendered":"ENTREVISTA: Festival Vi\u00f1a del Mar ha cruzado historia reciente de Chile, rescata m\u00fasico Claudio Narea, de Los Prisioneros"},"content":{"rendered":"<p>VI\u00d1A DEL MAR, Chile, 28 feb (Xinhua) &#8212; El Festival Internacional de la Canci\u00f3n de Vi\u00f1a del Mar ha cruzado la historia reciente de Chile, destac\u00f3 el m\u00fasico y jurado de la versi\u00f3n 2025 del certamen Claudio Narea, que form\u00f3 parte de la emblem\u00e1tica banda Los Prisioneros, en entrevista con Xinhua. Narea mencion\u00f3 como ejemplo que la jornada del pasado martes tuvo que ser trasladada para este s\u00e1bado debido al apag\u00f3n que sufri\u00f3 el 98 por ciento de la poblaci\u00f3n del pa\u00eds sudamericano, incluida la regi\u00f3n de Valpara\u00edso, donde se celebra \u00abVi\u00f1a\u00bb. Otros eventos que han marcado el festival han sido el terremoto de 8,8 grados y posterior maremoto de febrero de 2010 que forz\u00f3 a cancelar la \u00faltima jornada del evento. Narea tambi\u00e9n record\u00f3 que en la versi\u00f3n de 1987 debieron ser invitados debido a que eran una de las bandas m\u00e1s reconocidas en ese momento, sin embargo, las canciones con contenidos de cr\u00edtica social y contestatarias los alejaron de este escenario. Ese a\u00f1o el pa\u00eds a\u00fan estaba bajo la dictadura de Augusto Pinochet (1973-1990) y el certamen era transmitido por la televisi\u00f3n estatal y organizado por funcionarios afines al r\u00e9gimen, quienes les vetaron del escenario. \u00abEn las encuestas nos marcaban a nosotros como favoritos para venir al Festival de Vi\u00f1a el a\u00f1o 1987, pero eran tiempos en que la transmisi\u00f3n del festival no nos quer\u00eda para nada, entonces nos ignoraron por completo\u00bb, rememor\u00f3. Sin embargo, Los Prisioneros tocaron en Vi\u00f1a del Mar el a\u00f1o 2003, una de las presentaciones m\u00e1s recordadas en la historia del encuentro musical. El mi\u00e9rcoles pasado, el festival homenaje\u00f3 a Los Prisioneros y en la gala Narea interpret\u00f3 \u00abParamar\u00bb. \u00abMe gust\u00f3, fue bonito, obviamente era un homenaje a Los Prisioneros, Jorge (Gonz\u00e1lez), Miguel (Tapia) y yo. Es una banda de cabros chicos (ni\u00f1os) que so\u00f1\u00e1bamos con tener una banda de verdad y eso funcion\u00f3\u00bb, asever\u00f3 con orgullo. \u00abLa banda ya no existe, ese es el detalle, pero la m\u00fasica est\u00e1 muy viva\u00bb, remat\u00f3. El m\u00fasico se\u00f1al\u00f3 que el Festival de Vi\u00f1a del Mar es \u00abuna buena semana de celebraciones respecto a la m\u00fasica y se transforma en una especie de fiesta nacional\u00bb. \u00abTodo el mundo termina hablando algo del Festival de Vi\u00f1a o vi\u00e9ndolo, por supuesto. Y es un tema nacional y es tambi\u00e9n, por lo que he visto, un tema internacional. En muchos pa\u00edses el Festival de Vi\u00f1a es muy apreciado\u00bb, complement\u00f3 el guitarrista. Artistas de Venezuela, Colombia y Estados Unidos, entre otros pa\u00edses, se han presentado esta semana en el Festival Internacional de la Canci\u00f3n de Vi\u00f1a del Mar, uno de los principales eventos art\u00edsticos y culturales de Am\u00e9rica Latina, que arranc\u00f3 con su versi\u00f3n n\u00famero 64 en la ciudad costera de Chile. \u00abLe pregunt\u00e9 a un amigo m\u00fasico, tambi\u00e9n del jurado, si hab\u00eda (visto) con su experiencia alg\u00fan festival como este. Me dijo que ninguno, ninguno, porque aqu\u00ed se involucra todo el pa\u00eds en el festival. Todo el mundo est\u00e1 hablando del festival o casi todo el mundo. Pasan cosas del festival\u00bb, anot\u00f3. El certamen tiene una competencia internacional y folcl\u00f3rica, que este a\u00f1o ha tenido un \u00abnivel bastante bueno de las canciones\u00bb, dijo el m\u00fasico, que es jurado en la edici\u00f3n 2025. El Festival Internacional de la Canci\u00f3n de Vi\u00f1a del Mar 2025 celebrar\u00e1 este viernes 28 y s\u00e1bado 1 de marzo sus \u00faltimas dos jornadas, con las presentaciones del argentino Duki, el estadounidense Eladio Carri\u00f3n y los colombianos Morat y Sebasti\u00e1n Yatra, entre otros. Este certamen chileno, que naci\u00f3 en 1960, ha acogido en su tarima a artistas del nivel de The Police, Elton John, Lionel Richie y Jamiroquai, entre muchos m\u00e1s. El sello diferenciador de este espect\u00e1culo ha sido desde sus inicios la entrega de un premio con forma de gaviota, en alusi\u00f3n a la ciudad costera, representada en un galard\u00f3n de oro, plata o bronce, otorgado a los mejores artistas. Fin<\/p>\n","protected":false},"excerpt":{"rendered":"<p>VI\u00d1A DEL MAR, Chile, 28 feb (Xinhua) &#8212; El Festival Internacional de la Canci\u00f3n de&#8230;<\/p>\n","protected":false},"author":1,"featured_media":0,"comment_status":"open","ping_status":"closed","sticky":false,"template":"","format":"standard","meta":{"footnotes":""},"categories":[2],"tags":[],"class_list":["post-7143","post","type-post","status-publish","format-standard","hentry","category-internacional"],"_links":{"self":[{"href":"https:\/\/viajamagazine.com\/index.php?rest_route=\/wp\/v2\/posts\/7143","targetHints":{"allow":["GET"]}}],"collection":[{"href":"https:\/\/viajamagazine.com\/index.php?rest_route=\/wp\/v2\/posts"}],"about":[{"href":"https:\/\/viajamagazine.com\/index.php?rest_route=\/wp\/v2\/types\/post"}],"author":[{"embeddable":true,"href":"https:\/\/viajamagazine.com\/index.php?rest_route=\/wp\/v2\/users\/1"}],"replies":[{"embeddable":true,"href":"https:\/\/viajamagazine.com\/index.php?rest_route=%2Fwp%2Fv2%2Fcomments&post=7143"}],"version-history":[{"count":1,"href":"https:\/\/viajamagazine.com\/index.php?rest_route=\/wp\/v2\/posts\/7143\/revisions"}],"predecessor-version":[{"id":7144,"href":"https:\/\/viajamagazine.com\/index.php?rest_route=\/wp\/v2\/posts\/7143\/revisions\/7144"}],"wp:attachment":[{"href":"https:\/\/viajamagazine.com\/index.php?rest_route=%2Fwp%2Fv2%2Fmedia&parent=7143"}],"wp:term":[{"taxonomy":"category","embeddable":true,"href":"https:\/\/viajamagazine.com\/index.php?rest_route=%2Fwp%2Fv2%2Fcategories&post=7143"},{"taxonomy":"post_tag","embeddable":true,"href":"https:\/\/viajamagazine.com\/index.php?rest_route=%2Fwp%2Fv2%2Ftags&post=7143"}],"curies":[{"name":"wp","href":"https:\/\/api.w.org\/{rel}","templated":true}]}}