{"id":7141,"date":"2025-03-03T11:23:29","date_gmt":"2025-03-03T17:23:29","guid":{"rendered":"https:\/\/viajamagazine.com\/?p=7141"},"modified":"2025-03-03T17:23:30","modified_gmt":"2025-03-03T17:23:30","slug":"macron-propone-elevar-gasto-en-defensa-de-ue-a-35-por-ciento-de-pib","status":"publish","type":"post","link":"https:\/\/viajamagazine.com\/?p=7141","title":{"rendered":"Macron propone elevar gasto en defensa de UE a 3,5 por ciento de PIB"},"content":{"rendered":"<div class=\"el-scrollbar__wrap\">\n<div class=\"el-scrollbar__view\">\n<div class=\"news-content\" data-v-1eda797c=\"\">PAR\u00cdS, 2 mar (Xinhua) &#8212; El presidente de Francia, Emmanuel Macron, propuso hoy que los Estados miembros de la Uni\u00f3n Europea (UE) eleven su gasto en defensa a entre 3 y 3,5 por ciento del producto interno bruto total de la UE. En entrevista con el diario franc\u00e9s Le Figaro despu\u00e9s de participar en una cumbre sobre defensa en Londres, Macron dijo que los Estados miembros deber\u00edan invertir \u00abconsiderablemente\u00bb en la defensa europea para prepararse para una eventual desvinculaci\u00f3n de Estados Unidos y garantizar la seguridad de Europa. El presidente franc\u00e9s propuso recaudar juntos montos elevados a trav\u00e9s de cr\u00e9ditos conjuntos o incluso del Mecanismo Europeo de Estabilidad. \u00abProbablemente, necesitamos en un principio 200.000 millones de euros (208.000 millones de d\u00f3lares) para arrancar\u00bb, a\u00f1adi\u00f3. De acuerdo con estad\u00edsticas publicadas por el Consejo Europeo, en 2024, el gasto total en defensa de los Estados miembros de la UE ascendi\u00f3 a alrededor de 326.000 millones de euros (338.000 millones de d\u00f3lares), cerca del 1,9 por ciento del producto interno bruto de la UE. En cuanto a Ucrania, Macron dijo a Le Figaro que no cree en el posible cese al fuego indicado por los estadounidenses y los rusos. Macron, junto con el primer ministro brit\u00e1nico, Keir Starmer, hab\u00eda propuesto una \u00abtregua\u00bb de un mes en Ucrania, indic\u00f3. Macron volvi\u00f3 a enfatizar que los soldados europeos \u00fanicamente ser\u00edan desplegados en Ucrania tras establecer la paz. Fin<\/div>\n<\/div>\n<\/div>\n<div class=\"el-scrollbar__bar is-horizontal\"><\/div>\n","protected":false},"excerpt":{"rendered":"<p>PAR\u00cdS, 2 mar (Xinhua) &#8212; El presidente de Francia, Emmanuel Macron, propuso hoy que los&#8230;<\/p>\n","protected":false},"author":1,"featured_media":0,"comment_status":"open","ping_status":"closed","sticky":false,"template":"","format":"standard","meta":{"footnotes":""},"categories":[2],"tags":[],"class_list":["post-7141","post","type-post","status-publish","format-standard","hentry","category-internacional"],"_links":{"self":[{"href":"https:\/\/viajamagazine.com\/index.php?rest_route=\/wp\/v2\/posts\/7141","targetHints":{"allow":["GET"]}}],"collection":[{"href":"https:\/\/viajamagazine.com\/index.php?rest_route=\/wp\/v2\/posts"}],"about":[{"href":"https:\/\/viajamagazine.com\/index.php?rest_route=\/wp\/v2\/types\/post"}],"author":[{"embeddable":true,"href":"https:\/\/viajamagazine.com\/index.php?rest_route=\/wp\/v2\/users\/1"}],"replies":[{"embeddable":true,"href":"https:\/\/viajamagazine.com\/index.php?rest_route=%2Fwp%2Fv2%2Fcomments&post=7141"}],"version-history":[{"count":1,"href":"https:\/\/viajamagazine.com\/index.php?rest_route=\/wp\/v2\/posts\/7141\/revisions"}],"predecessor-version":[{"id":7142,"href":"https:\/\/viajamagazine.com\/index.php?rest_route=\/wp\/v2\/posts\/7141\/revisions\/7142"}],"wp:attachment":[{"href":"https:\/\/viajamagazine.com\/index.php?rest_route=%2Fwp%2Fv2%2Fmedia&parent=7141"}],"wp:term":[{"taxonomy":"category","embeddable":true,"href":"https:\/\/viajamagazine.com\/index.php?rest_route=%2Fwp%2Fv2%2Fcategories&post=7141"},{"taxonomy":"post_tag","embeddable":true,"href":"https:\/\/viajamagazine.com\/index.php?rest_route=%2Fwp%2Fv2%2Ftags&post=7141"}],"curies":[{"name":"wp","href":"https:\/\/api.w.org\/{rel}","templated":true}]}}