{"id":7137,"date":"2025-03-03T11:23:00","date_gmt":"2025-03-03T17:23:00","guid":{"rendered":"https:\/\/viajamagazine.com\/?p=7137"},"modified":"2025-03-03T17:23:01","modified_gmt":"2025-03-03T17:23:01","slug":"presidentes-de-uruguay-y-alemania-coinciden-en-avanzar-en-acuerdo-del-mercosur","status":"publish","type":"post","link":"https:\/\/viajamagazine.com\/?p=7137","title":{"rendered":"Presidentes de Uruguay y Alemania coinciden en avanzar en acuerdo del Mercosur"},"content":{"rendered":"<div class=\"el-scrollbar__wrap\">\n<div class=\"el-scrollbar__view\">\n<div class=\"news-content\" data-v-1eda797c=\"\">MONTEVIDEO, 2 mar (Xinhua) &#8212; El nuevo mandatario de Uruguay, Yamand\u00fa Orsi, y el presidente de Alemania, Frank-Walter Steinmeier, se reunieron hoy domingo en la ciudad uruguaya de Montevideo, donde coincidieron en la necesidad de avanzar en la ratificaci\u00f3n del acuerdo comercial entre el Mercado Com\u00fan del Sur (Mercosur) y la Uni\u00f3n Europea (UE). Orsi, quien el s\u00e1bado asumi\u00f3 la Presidencia de Uruguay, manifest\u00f3 en rueda de prensa conjunta en el Palacio Est\u00e9vez (sede protocolar del Gobierno), el honor y el privilegio de recibir a su hom\u00f3logo alem\u00e1n, a la vez que el visitante resalt\u00f3 el hecho de ser recibido en el primer d\u00eda del nuevo mandato. El mandatario uruguayo expres\u00f3 que la presencia de Steinmeier es una \u00abse\u00f1al\u00bb para expresar de manera p\u00fablica y en forma conjunta, \u00abla importancia de concluir en forma r\u00e1pida y exitosa, la firma del acuerdo entre el Mercosur (Argentina, Brasil, Paraguay y Uruguay) y la UE\u00bb. Para el nuevo gobernante, es una de las \u00abprioridades\u00bb en la pol\u00edtica exterior del Gobierno y marca \u00abun hito\u00bb en las relaciones internacionales, ya que otorga m\u00faltiples oportunidades de desarrollo. Por su parte, Steinmeier agradeci\u00f3 la invitaci\u00f3n y dese\u00f3 \u00e9xito a la gesti\u00f3n de Orsi, adem\u00e1s de llamar a cuidar y profundizar las relaciones bilaterales, al se\u00f1alar que \u00ablos alemanes apreciamos el Uruguay\u00bb. El acuerdo de asociaci\u00f3n entre la UE y el Mercosur constituye \u00abun hito econ\u00f3mico y geopol\u00edtico importante\u00bb, indic\u00f3 Steinmeier. \u00abAlemania aboga por la pronta entrada en vigor del acuerdo\u00bb, agreg\u00f3 el mandatario visitante e hizo hincapi\u00e9 \u00aben que queremos y necesitamos el acuerdo con el Mercosur\u00bb. \u00abCon el acuerdo se crear\u00e1 una de las zonas de libre comercio m\u00e1s grandes del mundo con m\u00e1s de 715 millones de habitantes\u00bb, afirm\u00f3. El Mercosur y la UE anunciaron el 6 de diciembre pasado, en la antesala de la 65\u00aa Cumbre del mecanismo sudamericano en la ciudad de Montevideo, el cierre del texto del acuerdo comercial bilateral, despu\u00e9s de 25 a\u00f1os de negociaci\u00f3n y ahora debe ser ratificado por ambas partes. Orsi, de 57 a\u00f1os, tom\u00f3 posesi\u00f3n el s\u00e1bado de la Presidencia e inaugur\u00f3 una nueva administraci\u00f3n del izquierdista Frente Amplio (FA), despu\u00e9s de cinco a\u00f1os en la oposici\u00f3n. Fin<\/div>\n<\/div>\n<\/div>\n<div class=\"el-scrollbar__bar is-horizontal\"><\/div>\n","protected":false},"excerpt":{"rendered":"<p>MONTEVIDEO, 2 mar (Xinhua) &#8212; El nuevo mandatario de Uruguay, Yamand\u00fa Orsi, y el presidente&#8230;<\/p>\n","protected":false},"author":1,"featured_media":0,"comment_status":"open","ping_status":"closed","sticky":false,"template":"","format":"standard","meta":{"footnotes":""},"categories":[2],"tags":[],"class_list":["post-7137","post","type-post","status-publish","format-standard","hentry","category-internacional"],"_links":{"self":[{"href":"https:\/\/viajamagazine.com\/index.php?rest_route=\/wp\/v2\/posts\/7137","targetHints":{"allow":["GET"]}}],"collection":[{"href":"https:\/\/viajamagazine.com\/index.php?rest_route=\/wp\/v2\/posts"}],"about":[{"href":"https:\/\/viajamagazine.com\/index.php?rest_route=\/wp\/v2\/types\/post"}],"author":[{"embeddable":true,"href":"https:\/\/viajamagazine.com\/index.php?rest_route=\/wp\/v2\/users\/1"}],"replies":[{"embeddable":true,"href":"https:\/\/viajamagazine.com\/index.php?rest_route=%2Fwp%2Fv2%2Fcomments&post=7137"}],"version-history":[{"count":1,"href":"https:\/\/viajamagazine.com\/index.php?rest_route=\/wp\/v2\/posts\/7137\/revisions"}],"predecessor-version":[{"id":7138,"href":"https:\/\/viajamagazine.com\/index.php?rest_route=\/wp\/v2\/posts\/7137\/revisions\/7138"}],"wp:attachment":[{"href":"https:\/\/viajamagazine.com\/index.php?rest_route=%2Fwp%2Fv2%2Fmedia&parent=7137"}],"wp:term":[{"taxonomy":"category","embeddable":true,"href":"https:\/\/viajamagazine.com\/index.php?rest_route=%2Fwp%2Fv2%2Fcategories&post=7137"},{"taxonomy":"post_tag","embeddable":true,"href":"https:\/\/viajamagazine.com\/index.php?rest_route=%2Fwp%2Fv2%2Ftags&post=7137"}],"curies":[{"name":"wp","href":"https:\/\/api.w.org\/{rel}","templated":true}]}}