{"id":7135,"date":"2025-03-03T11:22:30","date_gmt":"2025-03-03T17:22:30","guid":{"rendered":"https:\/\/viajamagazine.com\/?p=7135"},"modified":"2025-03-03T17:22:31","modified_gmt":"2025-03-03T17:22:31","slug":"inauguran-el-carnaval-de-rio-de-janeiro-con-la-entrega-de-las-llaves-de-la-ciudad-al-rey-momo","status":"publish","type":"post","link":"https:\/\/viajamagazine.com\/?p=7135","title":{"rendered":"Inauguran el Carnaval de R\u00edo de Janeiro con la entrega de las llaves de la ciudad al Rey Momo"},"content":{"rendered":"<div class=\"el-scrollbar__wrap\">\n<div class=\"el-scrollbar__view\">\n<div class=\"news-content\" data-v-1eda797c=\"\">R\u00cdO DE JANEIRO, 28 feb (Xinhua) &#8212; El Carnaval de R\u00edo de Janeiro, considerado el m\u00e1s famoso del mundo, qued\u00f3 inaugurado oficialmente este viernes con la entrega simb\u00f3lica de la llave de la ciudad al Rey Momo por parte del alcalde Eduardo Paes. \u00abEste es mi 13\u00ba a\u00f1o entregando este cargo tan honorable, que me llena de orgullo. La identidad, la fuerza y la imagen de R\u00edo de Janeiro est\u00e1n estrechamente ligadas a la mayor manifestaci\u00f3n cultural de nuestro pa\u00eds y del mundo. Agradezco a toda la comunidad de la samba, a las escuelas de samba y a los blocos que celebran la vida cada a\u00f1o en nuestro Carnaval\u00bb, expres\u00f3 el alcalde Paes. El Rey Momo, interpretado por Kaio Mackenzie, destac\u00f3 la relevancia del evento para la ciudad y su cultura. \u00abEste es un momento crucial para el Carnaval y la cultura carioca. Como Rey Momo de esta maravillosa ciudad que alberga el mayor Carnaval del mundo, es un honor recibir la llave de la ciudad. El pueblo lo merece, lo necesita y lo quiere. Estoy seguro de que ser\u00e1 el mayor Carnaval de todos los tiempos. Oficialmente, declaro abierto el Carnaval de 2025\u00bb, proclam\u00f3 Mackenzie. Junto al Rey Momo, participaron en la ceremonia la Reina del Carnaval 2025, Thuane Ribeiro; las Princesas Rhuanda Monteiro y J\u00e9ssica Almeida; el muso Luis Ot\u00e1vio Antonio dos Santos; la musa Bianca de Oliveira Mour\u00e3o Ermida; y el ciudadano no binario Lucas Antonio Valentim da Silva. La familia Candonga, guardiana de la llave de la ciudad, estuvo presente en la entrega, al igual que representantes de las Asociaciones de las Velhas Guardas de las escuelas de samba cariocas. Tambi\u00e9n asistieron el d\u00fao de zancos de R\u00edo de Janeiro, formado por el mestre-sala Raul Farias Lima y la porta-bandeira Iza Xavier, representantes oficiales de la Alcald\u00eda y de Riotur. Con la entrega de la llave, R\u00edo de Janeiro da inicio a su tradicional celebraci\u00f3n, atrayendo a miles de turistas nacionales e internacionales, consolidando su papel como epicentro mundial del Carnaval. Fin<\/div>\n<\/div>\n<\/div>\n<div class=\"el-scrollbar__bar is-horizontal\"><\/div>\n","protected":false},"excerpt":{"rendered":"<p>R\u00cdO DE JANEIRO, 28 feb (Xinhua) &#8212; El Carnaval de R\u00edo de Janeiro, considerado el&#8230;<\/p>\n","protected":false},"author":1,"featured_media":0,"comment_status":"open","ping_status":"closed","sticky":false,"template":"","format":"standard","meta":{"footnotes":""},"categories":[2],"tags":[],"class_list":["post-7135","post","type-post","status-publish","format-standard","hentry","category-internacional"],"_links":{"self":[{"href":"https:\/\/viajamagazine.com\/index.php?rest_route=\/wp\/v2\/posts\/7135","targetHints":{"allow":["GET"]}}],"collection":[{"href":"https:\/\/viajamagazine.com\/index.php?rest_route=\/wp\/v2\/posts"}],"about":[{"href":"https:\/\/viajamagazine.com\/index.php?rest_route=\/wp\/v2\/types\/post"}],"author":[{"embeddable":true,"href":"https:\/\/viajamagazine.com\/index.php?rest_route=\/wp\/v2\/users\/1"}],"replies":[{"embeddable":true,"href":"https:\/\/viajamagazine.com\/index.php?rest_route=%2Fwp%2Fv2%2Fcomments&post=7135"}],"version-history":[{"count":1,"href":"https:\/\/viajamagazine.com\/index.php?rest_route=\/wp\/v2\/posts\/7135\/revisions"}],"predecessor-version":[{"id":7136,"href":"https:\/\/viajamagazine.com\/index.php?rest_route=\/wp\/v2\/posts\/7135\/revisions\/7136"}],"wp:attachment":[{"href":"https:\/\/viajamagazine.com\/index.php?rest_route=%2Fwp%2Fv2%2Fmedia&parent=7135"}],"wp:term":[{"taxonomy":"category","embeddable":true,"href":"https:\/\/viajamagazine.com\/index.php?rest_route=%2Fwp%2Fv2%2Fcategories&post=7135"},{"taxonomy":"post_tag","embeddable":true,"href":"https:\/\/viajamagazine.com\/index.php?rest_route=%2Fwp%2Fv2%2Ftags&post=7135"}],"curies":[{"name":"wp","href":"https:\/\/api.w.org\/{rel}","templated":true}]}}