{"id":7071,"date":"2025-03-03T11:12:53","date_gmt":"2025-03-03T17:12:53","guid":{"rendered":"https:\/\/viajamagazine.com\/?p=7071"},"modified":"2025-03-03T17:12:54","modified_gmt":"2025-03-03T17:12:54","slug":"lula-designa-a-presidenta-del-pt-de-brasil-como-ministra-de-relaciones-institucionales","status":"publish","type":"post","link":"https:\/\/viajamagazine.com\/?p=7071","title":{"rendered":"Lula designa a presidenta del PT de Brasil como ministra de Relaciones Institucionales"},"content":{"rendered":"<p>BRASILIA, 28 feb (Xinhua) &#8212; El presidente de Brasil, Luiz In\u00e1cio Lula da Silva, design\u00f3 a la diputada Gleisi Hoffmann, actual dirigente del gobernante Partido de los Trabajadores, como ministra de Relaciones Institucionales de la Presidencia, cartera responsable de la articulaci\u00f3n pol\u00edtica del Gobierno y sus relaciones con el Congreso. Hoffmann sustituir\u00e1 a Alexandre Padilha, quien asumir\u00e1 el Ministerio de Sanidad el pr\u00f3ximo 10 de marzo en sustituci\u00f3n de N\u00edsia Trindade. Aliados del Gobierno sugirieron a Lula da Silva que eligiera a alguien del llamado \u00abCentrao\u00bb (partidos pol\u00edticos de centro con fuerte presencia parlamentaria) para lidiar con el Congreso, pero prefiri\u00f3 mantener a un miembro del PT al frente de la Secretar\u00eda de Relaciones Institucionales, que tiene rango de ministerio. Presidenta del PT desde 2017, Hoffmann lider\u00f3 el partido en momentos dif\u00edciles, como la investigaci\u00f3n de la llamada \u00abOperaci\u00f3n Lava Jato\u00bb (Autolavado), el \u00abimpeachment\u00bb (destituci\u00f3n) contra la entonces presidenta Dilma Rousseff (2015-2016) y el periodo en que Lula da Silva estuvo en prisi\u00f3n, de abril de 2018 a noviembre de 2019. Diputada federal por el estado de Paran\u00e1, Hoffmann es una de las figuras pol\u00edticas m\u00e1s cercanas al presidente, quien suele consultarla acerca de decisiones importantes. Antes de presidir el partido, fue senadora de 2011 a 2018. En el primer mandato de Rousseff, de 2011 a 2014, dej\u00f3 su curul en el Senado para ser ministra jefe de Gabinete. Nacida en Curitiba, Paran\u00e1, el 6 de septiembre de 1965, Hoffmann inici\u00f3 su carrera pol\u00edtica siendo adolescente, como militante estudiantil, y se afili\u00f3 al PT en 1989. Es licenciada en Derecho y est\u00e1 especializada en Gesti\u00f3n de Organizaciones P\u00fablicas y Administraci\u00f3n Financiera. Fin<\/p>\n","protected":false},"excerpt":{"rendered":"<p>BRASILIA, 28 feb (Xinhua) &#8212; El presidente de Brasil, Luiz In\u00e1cio Lula da Silva, design\u00f3&#8230;<\/p>\n","protected":false},"author":1,"featured_media":0,"comment_status":"open","ping_status":"closed","sticky":false,"template":"","format":"standard","meta":{"footnotes":""},"categories":[2],"tags":[],"class_list":["post-7071","post","type-post","status-publish","format-standard","hentry","category-internacional"],"_links":{"self":[{"href":"https:\/\/viajamagazine.com\/index.php?rest_route=\/wp\/v2\/posts\/7071","targetHints":{"allow":["GET"]}}],"collection":[{"href":"https:\/\/viajamagazine.com\/index.php?rest_route=\/wp\/v2\/posts"}],"about":[{"href":"https:\/\/viajamagazine.com\/index.php?rest_route=\/wp\/v2\/types\/post"}],"author":[{"embeddable":true,"href":"https:\/\/viajamagazine.com\/index.php?rest_route=\/wp\/v2\/users\/1"}],"replies":[{"embeddable":true,"href":"https:\/\/viajamagazine.com\/index.php?rest_route=%2Fwp%2Fv2%2Fcomments&post=7071"}],"version-history":[{"count":1,"href":"https:\/\/viajamagazine.com\/index.php?rest_route=\/wp\/v2\/posts\/7071\/revisions"}],"predecessor-version":[{"id":7072,"href":"https:\/\/viajamagazine.com\/index.php?rest_route=\/wp\/v2\/posts\/7071\/revisions\/7072"}],"wp:attachment":[{"href":"https:\/\/viajamagazine.com\/index.php?rest_route=%2Fwp%2Fv2%2Fmedia&parent=7071"}],"wp:term":[{"taxonomy":"category","embeddable":true,"href":"https:\/\/viajamagazine.com\/index.php?rest_route=%2Fwp%2Fv2%2Fcategories&post=7071"},{"taxonomy":"post_tag","embeddable":true,"href":"https:\/\/viajamagazine.com\/index.php?rest_route=%2Fwp%2Fv2%2Ftags&post=7071"}],"curies":[{"name":"wp","href":"https:\/\/api.w.org\/{rel}","templated":true}]}}