{"id":7060,"date":"2025-03-03T11:11:09","date_gmt":"2025-03-03T17:11:09","guid":{"rendered":"https:\/\/viajamagazine.com\/?p=7060"},"modified":"2025-03-03T17:11:10","modified_gmt":"2025-03-03T17:11:10","slug":"futbol-club-argentino-racing-despliega-calidad-en-brasil-y-festeja-nuevo-titulo-internacional-destaca-prensa-argentina","status":"publish","type":"post","link":"https:\/\/viajamagazine.com\/?p=7060","title":{"rendered":"F\u00fatbol: Club argentino Racing despliega \u00abcalidad\u00bb en Brasil y festeja nuevo t\u00edtulo internacional, destaca prensa argentina"},"content":{"rendered":"<p>BUENOS AIRES, 28 feb (Xinhua) &#8212; Los principales peri\u00f3dicos argentinos destacaron hoy viernes en sus portadas la coronaci\u00f3n del equipo de f\u00fatbol Racing Club en la Recopa Sudamericana jugada en la ciudad brasile\u00f1a de R\u00edo de Janeiro. El equipo argentino conocido como \u00abLa Academia\u00bb venci\u00f3 el jueves por la noche 2-0 al conjunto brasile\u00f1o Botafogo con goles de Mat\u00edas Zaracho y Bruno Zuculini, en el Estadio Ol\u00edmpico Nilton Santos de Brasil. En el encuentro de ida, una semana antes en la ciudad de Avellaneda, al sur del Gran Buenos Aires, el Racing gan\u00f3 tambi\u00e9n con el mismo resultado, con tantos de Luciano Vietto y Adri\u00e1n \u00abMaravilla\u00bb Mart\u00ednez. \u00abRacing despleg\u00f3 calidad en R\u00edo y festej\u00f3 un nuevo t\u00edtulo internacional\u00bb, titul\u00f3 el matutino \u00abClar\u00edn\u00bb, que eligi\u00f3 una foto del festejo del plantel en su portada. La final enfrent\u00f3 a los campeones en 2024 de la Copa Libertadores de Am\u00e9rica (Botafogo) y la Copa Sudamericana (Racing), torneos organizados por la Confederaci\u00f3n Sudamericana de F\u00fatbol (Conmebol). El conjunto ganador, dirigido por Gustavo Costas, es uno de los cinco equipos m\u00e1s populares del f\u00fatbol argentino y sum\u00f3 su quinto t\u00edtulo internacional. \u00abRacing vive su mejor momento en a\u00f1os: ahora gan\u00f3 la Recopa\u00bb, resumi\u00f3 a su vez el peri\u00f3dico \u00abLa Naci\u00f3n\u00bb, al agregar que logr\u00f3 la victoria \u00abcon autoridad\u00bb. En tanto, el diario deportivo \u00abOl\u00e9\u00bb sintetiz\u00f3 \u00abCarnaval carioca\u00bb y apunt\u00f3 que fue \u00abun baile\u00bb del conjunto \u00abalbiceleste\u00bb ante un rival que, tras la ca\u00edda, anunci\u00f3 la llegada de su nuevo entrenador, el portugu\u00e9s Renato Paiva. Este a\u00f1o, el Racing y el Botafogo disputar\u00e1n la Copa Libertadores, cuya fase de grupos comenzar\u00e1 el 2 de abril y finalizar\u00e1 el 28 de mayo con la participaci\u00f3n de 32 equipos divididos en ocho zonas. Fin<\/p>\n","protected":false},"excerpt":{"rendered":"<p>BUENOS AIRES, 28 feb (Xinhua) &#8212; Los principales peri\u00f3dicos argentinos destacaron hoy viernes en sus&#8230;<\/p>\n","protected":false},"author":1,"featured_media":0,"comment_status":"open","ping_status":"closed","sticky":false,"template":"","format":"standard","meta":{"footnotes":""},"categories":[2],"tags":[],"class_list":["post-7060","post","type-post","status-publish","format-standard","hentry","category-internacional"],"_links":{"self":[{"href":"https:\/\/viajamagazine.com\/index.php?rest_route=\/wp\/v2\/posts\/7060","targetHints":{"allow":["GET"]}}],"collection":[{"href":"https:\/\/viajamagazine.com\/index.php?rest_route=\/wp\/v2\/posts"}],"about":[{"href":"https:\/\/viajamagazine.com\/index.php?rest_route=\/wp\/v2\/types\/post"}],"author":[{"embeddable":true,"href":"https:\/\/viajamagazine.com\/index.php?rest_route=\/wp\/v2\/users\/1"}],"replies":[{"embeddable":true,"href":"https:\/\/viajamagazine.com\/index.php?rest_route=%2Fwp%2Fv2%2Fcomments&post=7060"}],"version-history":[{"count":1,"href":"https:\/\/viajamagazine.com\/index.php?rest_route=\/wp\/v2\/posts\/7060\/revisions"}],"predecessor-version":[{"id":7061,"href":"https:\/\/viajamagazine.com\/index.php?rest_route=\/wp\/v2\/posts\/7060\/revisions\/7061"}],"wp:attachment":[{"href":"https:\/\/viajamagazine.com\/index.php?rest_route=%2Fwp%2Fv2%2Fmedia&parent=7060"}],"wp:term":[{"taxonomy":"category","embeddable":true,"href":"https:\/\/viajamagazine.com\/index.php?rest_route=%2Fwp%2Fv2%2Fcategories&post=7060"},{"taxonomy":"post_tag","embeddable":true,"href":"https:\/\/viajamagazine.com\/index.php?rest_route=%2Fwp%2Fv2%2Ftags&post=7060"}],"curies":[{"name":"wp","href":"https:\/\/api.w.org\/{rel}","templated":true}]}}