{"id":33518,"date":"2025-04-27T22:26:38","date_gmt":"2025-04-28T04:26:38","guid":{"rendered":"https:\/\/viajamagazine.com\/?p=33518"},"modified":"2025-04-28T04:26:39","modified_gmt":"2025-04-28T04:26:39","slug":"medio-oriente-jerusalen-dia-del-recuerdo-de-los-martires-y-heroes-del-holocausto-2","status":"publish","type":"post","link":"https:\/\/viajamagazine.com\/?p=33518","title":{"rendered":"MEDIO ORIENTE-JERUSALEN-DIA DEL RECUERDO DE LOS MARTIRES Y HEROES DEL HOLOCAUSTO"},"content":{"rendered":"<div class=\"el-scrollbar__wrap\">\n<div class=\"el-scrollbar__view\">\n<div class=\"news-content\" data-v-1eda797c=\"\">(250424) &#8212; JERUSALEN, 24 abril, 2025 (Xinhua) &#8212; Personas permanecen en silencio mientras una sirena suena para conmemorar a las v\u00edctimas jud\u00edas del Holocausto, en Jerusal\u00e9n, el 24 de abril de 2025. El D\u00eda del Recuerdo de los M\u00e1rtires y H\u00e9roes del Holocausto, que comenz\u00f3 el mi\u00e9rcoles al anochecer y continuar\u00e1 hasta el jueves por la tarde, se celebra anualmente en Israel una semana antes del D\u00eda de Conmemoraci\u00f3n de los Soldados Ca\u00eddos y el D\u00eda de la Independencia. (Xinhua\/Jamal Awad) (da) (ra) (vf)<\/div>\n<\/div>\n<\/div>\n<div class=\"el-scrollbar__bar is-horizontal\"><\/div>\n","protected":false},"excerpt":{"rendered":"<p>(250424) &#8212; JERUSALEN, 24 abril, 2025 (Xinhua) &#8212; Personas permanecen en silencio mientras una sirena&#8230;<\/p>\n","protected":false},"author":1,"featured_media":33520,"comment_status":"open","ping_status":"closed","sticky":false,"template":"","format":"standard","meta":{"footnotes":""},"categories":[2],"tags":[],"class_list":["post-33518","post","type-post","status-publish","format-standard","has-post-thumbnail","hentry","category-internacional"],"_links":{"self":[{"href":"https:\/\/viajamagazine.com\/index.php?rest_route=\/wp\/v2\/posts\/33518","targetHints":{"allow":["GET"]}}],"collection":[{"href":"https:\/\/viajamagazine.com\/index.php?rest_route=\/wp\/v2\/posts"}],"about":[{"href":"https:\/\/viajamagazine.com\/index.php?rest_route=\/wp\/v2\/types\/post"}],"author":[{"embeddable":true,"href":"https:\/\/viajamagazine.com\/index.php?rest_route=\/wp\/v2\/users\/1"}],"replies":[{"embeddable":true,"href":"https:\/\/viajamagazine.com\/index.php?rest_route=%2Fwp%2Fv2%2Fcomments&post=33518"}],"version-history":[{"count":1,"href":"https:\/\/viajamagazine.com\/index.php?rest_route=\/wp\/v2\/posts\/33518\/revisions"}],"predecessor-version":[{"id":33519,"href":"https:\/\/viajamagazine.com\/index.php?rest_route=\/wp\/v2\/posts\/33518\/revisions\/33519"}],"wp:featuredmedia":[{"embeddable":true,"href":"https:\/\/viajamagazine.com\/index.php?rest_route=\/wp\/v2\/media\/33520"}],"wp:attachment":[{"href":"https:\/\/viajamagazine.com\/index.php?rest_route=%2Fwp%2Fv2%2Fmedia&parent=33518"}],"wp:term":[{"taxonomy":"category","embeddable":true,"href":"https:\/\/viajamagazine.com\/index.php?rest_route=%2Fwp%2Fv2%2Fcategories&post=33518"},{"taxonomy":"post_tag","embeddable":true,"href":"https:\/\/viajamagazine.com\/index.php?rest_route=%2Fwp%2Fv2%2Ftags&post=33518"}],"curies":[{"name":"wp","href":"https:\/\/api.w.org\/{rel}","templated":true}]}}