{"id":33419,"date":"2025-04-27T22:10:45","date_gmt":"2025-04-28T04:10:45","guid":{"rendered":"https:\/\/viajamagazine.com\/?p=33419"},"modified":"2025-04-28T04:10:46","modified_gmt":"2025-04-28T04:10:46","slug":"futbol-bolivar-cae-en-casa-ante-un-implacable-palmeiras-y-compromete-su-futuro-en-la-copa-libertadores","status":"publish","type":"post","link":"https:\/\/viajamagazine.com\/?p=33419","title":{"rendered":"F\u00fatbol: Bol\u00edvar cae en casa ante un implacable Palmeiras y compromete su futuro en la Copa Libertadores"},"content":{"rendered":"<p>LA PAZ, 24 abr (Xinhua) &#8212; En una noche de contrastes y emociones, el cuadro boliviano de Bol\u00edvar tropez\u00f3 este jueves en casa ante el brasile\u00f1o Palmeiras (2-3) y complic\u00f3 seriamente sus aspiraciones en la Copa Libertadores. El estadio Hernando Siles, a 3.600 metros de altitud en la ciudad boliviana de La Paz, fue testigo de un duelo intenso, en el que la efectividad brasile\u00f1a se impuso al dominador del enceuntro, pero improductivo equipo boliviano. El conjunto brasile\u00f1o, que fue m\u00e1s efectivo en momentos oportunos del partido, se impuso gracias a los goles de Jos\u00e9 L\u00f3pez (18&#8242;), Estev\u00e3o (45&#8242;) y Mauricio Magalhaes (73&#8242;). F\u00e1bio Gomes igual\u00f3 transitoriamente con un doblete para los celestes en el segundo tiempo (56&#8242; y 69&#8242;), pero no fue suficiente para evitar la derrota que compromete las aspiraciones del equipo pace\u00f1o en el torneo. Desde el pitazo inicial, el Bol\u00edvar apost\u00f3 por un f\u00fatbol agresivo, decidido a hacer pesar su local\u00eda, aunque descuidando la zaga, pues el Palmeiras, campe\u00f3n de Am\u00e9rica en tres ocasiones, no se dej\u00f3 intimidar. Con frialdad quir\u00fargica, el \u00abVerdao\u00bb castig\u00f3 dos crasos errores defensivos de los locales que marcaron el rumbo del partido. El primer golpe lleg\u00f3 temprano. Al minuto 18, un p\u00e9simo despeje de Jairo Quinteros dej\u00f3 servido el bal\u00f3n a Jos\u00e9 L\u00f3pez, quien defini\u00f3 con el arco vac\u00edo. El segundo lleg\u00f3 justo antes del descanso, cuando Ervin Vaca, de p\u00e9sima actuaci\u00f3n, perdi\u00f3 el bal\u00f3n en una salida comprometida y Estev\u00e3o, con apenas 16 a\u00f1os, marc\u00f3 el segundo con una madurez asombrosa. En la segunda parte del partido, el Bol\u00edvar no se rindi\u00f3. El t\u00e9cnico Flavio Robatto agit\u00f3 el banquillo e inyect\u00f3 energ\u00eda al equipo con el ingreso del juvenil Jhon Vel\u00e1squez. La reacci\u00f3n fue inmediata. En apenas 13 minutos, F\u00e1bio Gomes, de cabeza, firm\u00f3 el empate transitorio con un doblete tras dos precisos centros del argentino \u00abPatito\u00bb Rodr\u00edguez, encendiendo la esperanza en las tribunas celestes. Pero el Palmeiras ten\u00eda m\u00e1s. Cuando el Bol\u00edvar parec\u00eda volcar el encuentro a su favor, los brasile\u00f1os armaron una jugada r\u00e1pida, con participaci\u00f3n de L\u00f3pez y Torres, que termin\u00f3 con el gol decisivo de Mauricio Magalh\u00e3es tras un rebote en el \u00e1rea (73&#8242;). En los minutos finales, el Bol\u00edvar atac\u00f3 con desesperaci\u00f3n, empujado por su hinchada, pero sin claridad ni contundencia. El pitazo final dej\u00f3 un sabor amargo en La Paz: una derrota dolorosa, pero tambi\u00e9n aleccionadora. Con este resultado, el Palmeiras lidera el Grupo G con puntaje perfecto con 9 puntos, mientras que el Bol\u00edvar se estanca en tres unidades. A la espera del duelo entre el Cerro Porte\u00f1o y el Sporting Cristal, el equipo boliviano podr\u00eda caer al tercer lugar, lo<\/p>\n","protected":false},"excerpt":{"rendered":"<p>LA PAZ, 24 abr (Xinhua) &#8212; En una noche de contrastes y emociones, el cuadro&#8230;<\/p>\n","protected":false},"author":1,"featured_media":0,"comment_status":"open","ping_status":"closed","sticky":false,"template":"","format":"standard","meta":{"footnotes":""},"categories":[2],"tags":[],"class_list":["post-33419","post","type-post","status-publish","format-standard","hentry","category-internacional"],"_links":{"self":[{"href":"https:\/\/viajamagazine.com\/index.php?rest_route=\/wp\/v2\/posts\/33419","targetHints":{"allow":["GET"]}}],"collection":[{"href":"https:\/\/viajamagazine.com\/index.php?rest_route=\/wp\/v2\/posts"}],"about":[{"href":"https:\/\/viajamagazine.com\/index.php?rest_route=\/wp\/v2\/types\/post"}],"author":[{"embeddable":true,"href":"https:\/\/viajamagazine.com\/index.php?rest_route=\/wp\/v2\/users\/1"}],"replies":[{"embeddable":true,"href":"https:\/\/viajamagazine.com\/index.php?rest_route=%2Fwp%2Fv2%2Fcomments&post=33419"}],"version-history":[{"count":1,"href":"https:\/\/viajamagazine.com\/index.php?rest_route=\/wp\/v2\/posts\/33419\/revisions"}],"predecessor-version":[{"id":33420,"href":"https:\/\/viajamagazine.com\/index.php?rest_route=\/wp\/v2\/posts\/33419\/revisions\/33420"}],"wp:attachment":[{"href":"https:\/\/viajamagazine.com\/index.php?rest_route=%2Fwp%2Fv2%2Fmedia&parent=33419"}],"wp:term":[{"taxonomy":"category","embeddable":true,"href":"https:\/\/viajamagazine.com\/index.php?rest_route=%2Fwp%2Fv2%2Fcategories&post=33419"},{"taxonomy":"post_tag","embeddable":true,"href":"https:\/\/viajamagazine.com\/index.php?rest_route=%2Fwp%2Fv2%2Ftags&post=33419"}],"curies":[{"name":"wp","href":"https:\/\/api.w.org\/{rel}","templated":true}]}}