{"id":33351,"date":"2025-04-27T18:35:56","date_gmt":"2025-04-28T00:35:56","guid":{"rendered":"https:\/\/viajamagazine.com\/?p=33351"},"modified":"2025-04-28T00:35:57","modified_gmt":"2025-04-28T00:35:57","slug":"organizaciones-catolicas-chinas-lamentan-deceso-de-papa-francisco","status":"publish","type":"post","link":"https:\/\/viajamagazine.com\/?p=33351","title":{"rendered":"Organizaciones cat\u00f3licas chinas lamentan deceso de papa Francisco"},"content":{"rendered":"<div class=\"el-scrollbar__wrap\">\n<div class=\"el-scrollbar__view\">\n<div class=\"news-content\" data-v-1eda797c=\"\">BEIJING, 24 abr (Xinhua) &#8212; La Asociaci\u00f3n Patri\u00f3tica Cat\u00f3lica China y la Conferencia de Obispos de la Iglesia Cat\u00f3lica en China lamentaron hoy jueves el fallecimiento del papa Francisco en un mensaje de condolencias enviado al Vaticano. Fin<\/div>\n<\/div>\n<\/div>\n<div class=\"el-scrollbar__bar is-horizontal\"><\/div>\n","protected":false},"excerpt":{"rendered":"<p>BEIJING, 24 abr (Xinhua) &#8212; La Asociaci\u00f3n Patri\u00f3tica Cat\u00f3lica China y la Conferencia de Obispos&#8230;<\/p>\n","protected":false},"author":1,"featured_media":0,"comment_status":"open","ping_status":"closed","sticky":false,"template":"","format":"standard","meta":{"footnotes":""},"categories":[2],"tags":[],"class_list":["post-33351","post","type-post","status-publish","format-standard","hentry","category-internacional"],"_links":{"self":[{"href":"https:\/\/viajamagazine.com\/index.php?rest_route=\/wp\/v2\/posts\/33351","targetHints":{"allow":["GET"]}}],"collection":[{"href":"https:\/\/viajamagazine.com\/index.php?rest_route=\/wp\/v2\/posts"}],"about":[{"href":"https:\/\/viajamagazine.com\/index.php?rest_route=\/wp\/v2\/types\/post"}],"author":[{"embeddable":true,"href":"https:\/\/viajamagazine.com\/index.php?rest_route=\/wp\/v2\/users\/1"}],"replies":[{"embeddable":true,"href":"https:\/\/viajamagazine.com\/index.php?rest_route=%2Fwp%2Fv2%2Fcomments&post=33351"}],"version-history":[{"count":1,"href":"https:\/\/viajamagazine.com\/index.php?rest_route=\/wp\/v2\/posts\/33351\/revisions"}],"predecessor-version":[{"id":33352,"href":"https:\/\/viajamagazine.com\/index.php?rest_route=\/wp\/v2\/posts\/33351\/revisions\/33352"}],"wp:attachment":[{"href":"https:\/\/viajamagazine.com\/index.php?rest_route=%2Fwp%2Fv2%2Fmedia&parent=33351"}],"wp:term":[{"taxonomy":"category","embeddable":true,"href":"https:\/\/viajamagazine.com\/index.php?rest_route=%2Fwp%2Fv2%2Fcategories&post=33351"},{"taxonomy":"post_tag","embeddable":true,"href":"https:\/\/viajamagazine.com\/index.php?rest_route=%2Fwp%2Fv2%2Ftags&post=33351"}],"curies":[{"name":"wp","href":"https:\/\/api.w.org\/{rel}","templated":true}]}}