{"id":32964,"date":"2025-04-27T15:42:35","date_gmt":"2025-04-27T21:42:35","guid":{"rendered":"https:\/\/viajamagazine.com\/?p=32964"},"modified":"2025-04-27T21:42:36","modified_gmt":"2025-04-27T21:42:36","slug":"china-epl-armada-76-aniversario-celebracion-4","status":"publish","type":"post","link":"https:\/\/viajamagazine.com\/?p=32964","title":{"rendered":"CHINA-EPL-ARMADA-76 ANIVERSARIO-CELEBRACION"},"content":{"rendered":"<div class=\"el-scrollbar__wrap\">\n<div class=\"el-scrollbar__view\">\n<div class=\"news-content\" data-v-1eda797c=\"\">(250423) &#8212; BEIJING, 23 abril, 2025 (Xinhua) &#8212; Vista a\u00e9rea tomada con un dron el 22 de abril de 2025 de personas participando en la jornada de puertas abiertas de un buque de guerra para conmemorar el 76 aniversario de la Armada del Ej\u00e9rcito Popular de Liberaci\u00f3n (EPL) de China, en Shanghai, en el este de China. La Armada del EPL de China celebr\u00f3 el mi\u00e9rcoles su 76 aniversario, reafirmando su compromiso de convertirse en una fuerza naval de clase mundial dedicada a salvaguardar tanto la seguridad nacional como la paz global. (Xinhua\/Ding Liang) (jg) (da) (ce)<\/div>\n<\/div>\n<\/div>\n<div class=\"el-scrollbar__bar is-horizontal\"><\/div>\n","protected":false},"excerpt":{"rendered":"<p>(250423) &#8212; BEIJING, 23 abril, 2025 (Xinhua) &#8212; Vista a\u00e9rea tomada con un dron el&#8230;<\/p>\n","protected":false},"author":1,"featured_media":32966,"comment_status":"open","ping_status":"closed","sticky":false,"template":"","format":"standard","meta":{"footnotes":""},"categories":[2],"tags":[],"class_list":["post-32964","post","type-post","status-publish","format-standard","has-post-thumbnail","hentry","category-internacional"],"_links":{"self":[{"href":"https:\/\/viajamagazine.com\/index.php?rest_route=\/wp\/v2\/posts\/32964","targetHints":{"allow":["GET"]}}],"collection":[{"href":"https:\/\/viajamagazine.com\/index.php?rest_route=\/wp\/v2\/posts"}],"about":[{"href":"https:\/\/viajamagazine.com\/index.php?rest_route=\/wp\/v2\/types\/post"}],"author":[{"embeddable":true,"href":"https:\/\/viajamagazine.com\/index.php?rest_route=\/wp\/v2\/users\/1"}],"replies":[{"embeddable":true,"href":"https:\/\/viajamagazine.com\/index.php?rest_route=%2Fwp%2Fv2%2Fcomments&post=32964"}],"version-history":[{"count":1,"href":"https:\/\/viajamagazine.com\/index.php?rest_route=\/wp\/v2\/posts\/32964\/revisions"}],"predecessor-version":[{"id":32965,"href":"https:\/\/viajamagazine.com\/index.php?rest_route=\/wp\/v2\/posts\/32964\/revisions\/32965"}],"wp:featuredmedia":[{"embeddable":true,"href":"https:\/\/viajamagazine.com\/index.php?rest_route=\/wp\/v2\/media\/32966"}],"wp:attachment":[{"href":"https:\/\/viajamagazine.com\/index.php?rest_route=%2Fwp%2Fv2%2Fmedia&parent=32964"}],"wp:term":[{"taxonomy":"category","embeddable":true,"href":"https:\/\/viajamagazine.com\/index.php?rest_route=%2Fwp%2Fv2%2Fcategories&post=32964"},{"taxonomy":"post_tag","embeddable":true,"href":"https:\/\/viajamagazine.com\/index.php?rest_route=%2Fwp%2Fv2%2Ftags&post=32964"}],"curies":[{"name":"wp","href":"https:\/\/api.w.org\/{rel}","templated":true}]}}