{"id":32904,"date":"2025-04-24T11:54:49","date_gmt":"2025-04-24T17:54:49","guid":{"rendered":"https:\/\/viajamagazine.com\/?p=32904"},"modified":"2025-04-24T17:54:50","modified_gmt":"2025-04-24T17:54:50","slug":"medio-oriente-ramala-consejo-central-de-la-olp-reunion-2","status":"publish","type":"post","link":"https:\/\/viajamagazine.com\/?p=32904","title":{"rendered":"MEDIO ORIENTE-RAMALA-CONSEJO CENTRAL DE LA OLP-REUNION"},"content":{"rendered":"<div class=\"el-scrollbar__wrap\">\n<div class=\"el-scrollbar__view\">\n<div class=\"news-content\" data-v-1eda797c=\"\">(250423) &#8212; RAMALA, 23 abril, 2025 (Xinhua) &#8212; El presidente palestino, Mahmoud Abbas (c), asiste a una reuni\u00f3n del Consejo Central de la Organizaci\u00f3n para la Liberaci\u00f3n de Palestina (OLP), en la ciudad cisjordana de Ramala, el 23 de abril de 2025. Abbas pidi\u00f3 el mi\u00e9rcoles llevar a cabo una conferencia internacional de paz bajo los auspicios de la Organizaci\u00f3n de las Naciones Unidas, Estados Unidos, Rusia, China, la Uni\u00f3n Europea, Jap\u00f3n, Sud\u00e1frica y Brasil, destinada a lograr una paz justa, amplia y duradera en la regi\u00f3n. (Xinhua\/Ayman Nobani) (jg) (da) (vf)<\/div>\n<\/div>\n<\/div>\n<div class=\"el-scrollbar__bar is-horizontal\"><\/div>\n","protected":false},"excerpt":{"rendered":"<p>(250423) &#8212; RAMALA, 23 abril, 2025 (Xinhua) &#8212; El presidente palestino, Mahmoud Abbas (c), asiste&#8230;<\/p>\n","protected":false},"author":1,"featured_media":32906,"comment_status":"open","ping_status":"closed","sticky":false,"template":"","format":"standard","meta":{"footnotes":""},"categories":[2],"tags":[],"class_list":["post-32904","post","type-post","status-publish","format-standard","has-post-thumbnail","hentry","category-internacional"],"_links":{"self":[{"href":"https:\/\/viajamagazine.com\/index.php?rest_route=\/wp\/v2\/posts\/32904","targetHints":{"allow":["GET"]}}],"collection":[{"href":"https:\/\/viajamagazine.com\/index.php?rest_route=\/wp\/v2\/posts"}],"about":[{"href":"https:\/\/viajamagazine.com\/index.php?rest_route=\/wp\/v2\/types\/post"}],"author":[{"embeddable":true,"href":"https:\/\/viajamagazine.com\/index.php?rest_route=\/wp\/v2\/users\/1"}],"replies":[{"embeddable":true,"href":"https:\/\/viajamagazine.com\/index.php?rest_route=%2Fwp%2Fv2%2Fcomments&post=32904"}],"version-history":[{"count":1,"href":"https:\/\/viajamagazine.com\/index.php?rest_route=\/wp\/v2\/posts\/32904\/revisions"}],"predecessor-version":[{"id":32905,"href":"https:\/\/viajamagazine.com\/index.php?rest_route=\/wp\/v2\/posts\/32904\/revisions\/32905"}],"wp:featuredmedia":[{"embeddable":true,"href":"https:\/\/viajamagazine.com\/index.php?rest_route=\/wp\/v2\/media\/32906"}],"wp:attachment":[{"href":"https:\/\/viajamagazine.com\/index.php?rest_route=%2Fwp%2Fv2%2Fmedia&parent=32904"}],"wp:term":[{"taxonomy":"category","embeddable":true,"href":"https:\/\/viajamagazine.com\/index.php?rest_route=%2Fwp%2Fv2%2Fcategories&post=32904"},{"taxonomy":"post_tag","embeddable":true,"href":"https:\/\/viajamagazine.com\/index.php?rest_route=%2Fwp%2Fv2%2Ftags&post=32904"}],"curies":[{"name":"wp","href":"https:\/\/api.w.org\/{rel}","templated":true}]}}