{"id":32886,"date":"2025-04-24T11:52:48","date_gmt":"2025-04-24T17:52:48","guid":{"rendered":"https:\/\/viajamagazine.com\/?p=32886"},"modified":"2025-04-24T17:52:49","modified_gmt":"2025-04-24T17:52:49","slug":"medio-oriente-jerusalen-dia-del-recuerdo-de-los-martires-y-heroes-del-holocausto-conmmemoracion-4","status":"publish","type":"post","link":"https:\/\/viajamagazine.com\/?p=32886","title":{"rendered":"MEDIO ORIENTE-JERUSALEN-DIA DEL RECUERDO DE LOS MARTIRES Y HEROES DEL HOLOCAUSTO-CONMMEMORACION"},"content":{"rendered":"<div class=\"el-scrollbar__wrap\">\n<div class=\"el-scrollbar__view\">\n<div class=\"news-content\" data-v-1eda797c=\"\">(250423) &#8212; JERUSALEN, 23 abril, 2025 (Xinhua) &#8212; El primer ministro israel\u00ed, Benjamin Netanyahu, habla durante la conmemoraci\u00f3n del D\u00eda del Recuerdo de los M\u00e1rtires y H\u00e9roes del Holocausto, en Yad Vashem, en Jerusal\u00e9n, el 23 de abril de 2025. Israel comenz\u00f3 el mi\u00e9rcoles a conmemorar su anual D\u00eda del Recuerdo de los M\u00e1rtires y H\u00e9roes del Holocausto con una ceremonia oficial de colocaci\u00f3n de una corona de flores aqu\u00ed en el monumento conmemorativo del Holocausto del pa\u00eds, Yad Vashem. (Xinhua\/Chen Junqing) (ah) (ra)<\/div>\n<\/div>\n<\/div>\n<div class=\"el-scrollbar__bar is-horizontal\"><\/div>\n","protected":false},"excerpt":{"rendered":"<p>(250423) &#8212; JERUSALEN, 23 abril, 2025 (Xinhua) &#8212; El primer ministro israel\u00ed, Benjamin Netanyahu, habla&#8230;<\/p>\n","protected":false},"author":1,"featured_media":32888,"comment_status":"open","ping_status":"closed","sticky":false,"template":"","format":"standard","meta":{"footnotes":""},"categories":[2],"tags":[],"class_list":["post-32886","post","type-post","status-publish","format-standard","has-post-thumbnail","hentry","category-internacional"],"_links":{"self":[{"href":"https:\/\/viajamagazine.com\/index.php?rest_route=\/wp\/v2\/posts\/32886","targetHints":{"allow":["GET"]}}],"collection":[{"href":"https:\/\/viajamagazine.com\/index.php?rest_route=\/wp\/v2\/posts"}],"about":[{"href":"https:\/\/viajamagazine.com\/index.php?rest_route=\/wp\/v2\/types\/post"}],"author":[{"embeddable":true,"href":"https:\/\/viajamagazine.com\/index.php?rest_route=\/wp\/v2\/users\/1"}],"replies":[{"embeddable":true,"href":"https:\/\/viajamagazine.com\/index.php?rest_route=%2Fwp%2Fv2%2Fcomments&post=32886"}],"version-history":[{"count":1,"href":"https:\/\/viajamagazine.com\/index.php?rest_route=\/wp\/v2\/posts\/32886\/revisions"}],"predecessor-version":[{"id":32887,"href":"https:\/\/viajamagazine.com\/index.php?rest_route=\/wp\/v2\/posts\/32886\/revisions\/32887"}],"wp:featuredmedia":[{"embeddable":true,"href":"https:\/\/viajamagazine.com\/index.php?rest_route=\/wp\/v2\/media\/32888"}],"wp:attachment":[{"href":"https:\/\/viajamagazine.com\/index.php?rest_route=%2Fwp%2Fv2%2Fmedia&parent=32886"}],"wp:term":[{"taxonomy":"category","embeddable":true,"href":"https:\/\/viajamagazine.com\/index.php?rest_route=%2Fwp%2Fv2%2Fcategories&post=32886"},{"taxonomy":"post_tag","embeddable":true,"href":"https:\/\/viajamagazine.com\/index.php?rest_route=%2Fwp%2Fv2%2Ftags&post=32886"}],"curies":[{"name":"wp","href":"https:\/\/api.w.org\/{rel}","templated":true}]}}