{"id":32850,"date":"2025-04-24T11:47:19","date_gmt":"2025-04-24T17:47:19","guid":{"rendered":"https:\/\/viajamagazine.com\/?p=32850"},"modified":"2025-04-24T17:47:20","modified_gmt":"2025-04-24T17:47:20","slug":"chile-san-francisco-de-mostazal-china-cerezas-2","status":"publish","type":"post","link":"https:\/\/viajamagazine.com\/?p=32850","title":{"rendered":"CHILE-SAN FRANCISCO DE MOSTAZAL-CHINA-CEREZAS"},"content":{"rendered":"<div class=\"el-scrollbar__wrap\">\n<div class=\"el-scrollbar__view\">\n<div class=\"news-content\" data-v-1eda797c=\"\">(250423) &#8212; SAN FRANCISCO DE MOSTAZAL, 23 abril, 2025 (Xinhua) &#8212; Imagen del 22 de abril de 2025 de la directora ejecutiva del Comit\u00e9 de Cerezas de Frutas de Chile, Claudia Soler, participando en la inauguraci\u00f3n del Global Cherry Summit en la Gran Arena Monticello, en San Francisco de Mostazal, en la regi\u00f3n de O&#8217;Higgins, Chile. Chile aument\u00f3 sus exportaciones de cerezas en un 51 por ciento en comparaci\u00f3n con la temporada anterior, principalmente a China, el mayor comprador del fruto rojo producido en la naci\u00f3n m\u00e1s austral del mundo, seg\u00fan los datos de la asociaci\u00f3n Frutas de Chile, correspondientes al periodo frut\u00edcola 2024-2025. (Xinhua\/Jorge Villegas) (jv) (ah) (ra) (vf)<\/div>\n<\/div>\n<\/div>\n<div class=\"el-scrollbar__bar is-horizontal\"><\/div>\n","protected":false},"excerpt":{"rendered":"<p>(250423) &#8212; SAN FRANCISCO DE MOSTAZAL, 23 abril, 2025 (Xinhua) &#8212; Imagen del 22 de&#8230;<\/p>\n","protected":false},"author":1,"featured_media":32852,"comment_status":"open","ping_status":"closed","sticky":false,"template":"","format":"standard","meta":{"footnotes":""},"categories":[2],"tags":[],"class_list":["post-32850","post","type-post","status-publish","format-standard","has-post-thumbnail","hentry","category-internacional"],"_links":{"self":[{"href":"https:\/\/viajamagazine.com\/index.php?rest_route=\/wp\/v2\/posts\/32850","targetHints":{"allow":["GET"]}}],"collection":[{"href":"https:\/\/viajamagazine.com\/index.php?rest_route=\/wp\/v2\/posts"}],"about":[{"href":"https:\/\/viajamagazine.com\/index.php?rest_route=\/wp\/v2\/types\/post"}],"author":[{"embeddable":true,"href":"https:\/\/viajamagazine.com\/index.php?rest_route=\/wp\/v2\/users\/1"}],"replies":[{"embeddable":true,"href":"https:\/\/viajamagazine.com\/index.php?rest_route=%2Fwp%2Fv2%2Fcomments&post=32850"}],"version-history":[{"count":1,"href":"https:\/\/viajamagazine.com\/index.php?rest_route=\/wp\/v2\/posts\/32850\/revisions"}],"predecessor-version":[{"id":32851,"href":"https:\/\/viajamagazine.com\/index.php?rest_route=\/wp\/v2\/posts\/32850\/revisions\/32851"}],"wp:featuredmedia":[{"embeddable":true,"href":"https:\/\/viajamagazine.com\/index.php?rest_route=\/wp\/v2\/media\/32852"}],"wp:attachment":[{"href":"https:\/\/viajamagazine.com\/index.php?rest_route=%2Fwp%2Fv2%2Fmedia&parent=32850"}],"wp:term":[{"taxonomy":"category","embeddable":true,"href":"https:\/\/viajamagazine.com\/index.php?rest_route=%2Fwp%2Fv2%2Fcategories&post=32850"},{"taxonomy":"post_tag","embeddable":true,"href":"https:\/\/viajamagazine.com\/index.php?rest_route=%2Fwp%2Fv2%2Ftags&post=32850"}],"curies":[{"name":"wp","href":"https:\/\/api.w.org\/{rel}","templated":true}]}}