{"id":32844,"date":"2025-04-24T11:46:28","date_gmt":"2025-04-24T17:46:28","guid":{"rendered":"https:\/\/viajamagazine.com\/?p=32844"},"modified":"2025-04-24T17:46:29","modified_gmt":"2025-04-24T17:46:29","slug":"cuba-habana-china-dia-de-la-lengua-china-celebracion-4","status":"publish","type":"post","link":"https:\/\/viajamagazine.com\/?p=32844","title":{"rendered":"CUBA-HABANA-CHINA-DIA DE LA LENGUA CHINA-CELEBRACION"},"content":{"rendered":"<div class=\"el-scrollbar__wrap\">\n<div class=\"el-scrollbar__view\">\n<div class=\"news-content\" data-v-1eda797c=\"\">(250423) &#8212; LA HABANA, 23 abril, 2025 (Xinhua) &#8212; Una profesora de idioma chino realiza la tradicional ceremonia del t\u00e9 como parte de las actividades llevadas a cabo con motivo de la celebraci\u00f3n del D\u00eda de la Lengua China en la sede del Instituto Confucio de La Habana, en La Habana, capital de Cuba, el 23 de abril de 2025. J\u00f3venes cubanos interesados en la lengua y cultura chinas participaron en diversas actividades organizadas por el Instituto Confucio de La Habana, con motivo de la reciente celebraci\u00f3n del D\u00eda de la Lengua China. (Xinhua\/Joaqu\u00edn Hern\u00e1ndez) (jh) (jg) (da) (vf)<\/div>\n<\/div>\n<\/div>\n<div class=\"el-scrollbar__bar is-horizontal\"><\/div>\n","protected":false},"excerpt":{"rendered":"<p>(250423) &#8212; LA HABANA, 23 abril, 2025 (Xinhua) &#8212; Una profesora de idioma chino realiza&#8230;<\/p>\n","protected":false},"author":1,"featured_media":32846,"comment_status":"open","ping_status":"closed","sticky":false,"template":"","format":"standard","meta":{"footnotes":""},"categories":[2],"tags":[],"class_list":["post-32844","post","type-post","status-publish","format-standard","has-post-thumbnail","hentry","category-internacional"],"_links":{"self":[{"href":"https:\/\/viajamagazine.com\/index.php?rest_route=\/wp\/v2\/posts\/32844","targetHints":{"allow":["GET"]}}],"collection":[{"href":"https:\/\/viajamagazine.com\/index.php?rest_route=\/wp\/v2\/posts"}],"about":[{"href":"https:\/\/viajamagazine.com\/index.php?rest_route=\/wp\/v2\/types\/post"}],"author":[{"embeddable":true,"href":"https:\/\/viajamagazine.com\/index.php?rest_route=\/wp\/v2\/users\/1"}],"replies":[{"embeddable":true,"href":"https:\/\/viajamagazine.com\/index.php?rest_route=%2Fwp%2Fv2%2Fcomments&post=32844"}],"version-history":[{"count":1,"href":"https:\/\/viajamagazine.com\/index.php?rest_route=\/wp\/v2\/posts\/32844\/revisions"}],"predecessor-version":[{"id":32845,"href":"https:\/\/viajamagazine.com\/index.php?rest_route=\/wp\/v2\/posts\/32844\/revisions\/32845"}],"wp:featuredmedia":[{"embeddable":true,"href":"https:\/\/viajamagazine.com\/index.php?rest_route=\/wp\/v2\/media\/32846"}],"wp:attachment":[{"href":"https:\/\/viajamagazine.com\/index.php?rest_route=%2Fwp%2Fv2%2Fmedia&parent=32844"}],"wp:term":[{"taxonomy":"category","embeddable":true,"href":"https:\/\/viajamagazine.com\/index.php?rest_route=%2Fwp%2Fv2%2Fcategories&post=32844"},{"taxonomy":"post_tag","embeddable":true,"href":"https:\/\/viajamagazine.com\/index.php?rest_route=%2Fwp%2Fv2%2Ftags&post=32844"}],"curies":[{"name":"wp","href":"https:\/\/api.w.org\/{rel}","templated":true}]}}