{"id":32814,"date":"2025-04-24T11:41:44","date_gmt":"2025-04-24T17:41:44","guid":{"rendered":"https:\/\/viajamagazine.com\/?p=32814"},"modified":"2025-04-24T17:41:45","modified_gmt":"2025-04-24T17:41:45","slug":"libano-baawerta-ataque-aereo-israeli","status":"publish","type":"post","link":"https:\/\/viajamagazine.com\/?p=32814","title":{"rendered":"LIBANO-BAAWERTA-ATAQUE AEREO ISRAELI"},"content":{"rendered":"<div class=\"el-scrollbar__wrap\">\n<div class=\"el-scrollbar__view\">\n<div class=\"news-content\" data-v-1eda797c=\"\">(250423) &#8212; BAAWERTA, 23 abril, 2025 (Xinhua) &#8212; Imagen del 22 de abril de 2025 de un soldado inspeccionando los restos de un autom\u00f3vil tras un ataque a\u00e9reo israel\u00ed, en Baawerta, L\u00edbano. Un l\u00edder del grupo isl\u00e1mico liban\u00e9s Jamaa Islamiya (Grupo Isl\u00e1mico) y un agente de Hizbul\u00e1 fueron asesinados el martes en dos ataques a\u00e9reos israel\u00edes separados en L\u00edbano, de acuerdo con fuentes libanesas. Uno de los ataques a\u00e9reos tuvo como objetivo un veh\u00edculo en la aldea de Baawerta, en el Monte L\u00edbano, y el otro en el poblado de Haniya, en el distrito de Tiro, en el suroeste de L\u00edbano, inform\u00f3 el Centro de Operaciones de Emergencia de Salud P\u00fablica del Ministerio de Salud P\u00fablica en dos comunicados. (Xinhua\/Ali Hashisho) (jg) (da) (vf)<\/div>\n<\/div>\n<\/div>\n<div class=\"el-scrollbar__bar is-horizontal\"><\/div>\n","protected":false},"excerpt":{"rendered":"<p>(250423) &#8212; BAAWERTA, 23 abril, 2025 (Xinhua) &#8212; Imagen del 22 de abril de 2025&#8230;<\/p>\n","protected":false},"author":1,"featured_media":32816,"comment_status":"open","ping_status":"closed","sticky":false,"template":"","format":"standard","meta":{"footnotes":""},"categories":[2],"tags":[],"class_list":["post-32814","post","type-post","status-publish","format-standard","has-post-thumbnail","hentry","category-internacional"],"_links":{"self":[{"href":"https:\/\/viajamagazine.com\/index.php?rest_route=\/wp\/v2\/posts\/32814","targetHints":{"allow":["GET"]}}],"collection":[{"href":"https:\/\/viajamagazine.com\/index.php?rest_route=\/wp\/v2\/posts"}],"about":[{"href":"https:\/\/viajamagazine.com\/index.php?rest_route=\/wp\/v2\/types\/post"}],"author":[{"embeddable":true,"href":"https:\/\/viajamagazine.com\/index.php?rest_route=\/wp\/v2\/users\/1"}],"replies":[{"embeddable":true,"href":"https:\/\/viajamagazine.com\/index.php?rest_route=%2Fwp%2Fv2%2Fcomments&post=32814"}],"version-history":[{"count":1,"href":"https:\/\/viajamagazine.com\/index.php?rest_route=\/wp\/v2\/posts\/32814\/revisions"}],"predecessor-version":[{"id":32815,"href":"https:\/\/viajamagazine.com\/index.php?rest_route=\/wp\/v2\/posts\/32814\/revisions\/32815"}],"wp:featuredmedia":[{"embeddable":true,"href":"https:\/\/viajamagazine.com\/index.php?rest_route=\/wp\/v2\/media\/32816"}],"wp:attachment":[{"href":"https:\/\/viajamagazine.com\/index.php?rest_route=%2Fwp%2Fv2%2Fmedia&parent=32814"}],"wp:term":[{"taxonomy":"category","embeddable":true,"href":"https:\/\/viajamagazine.com\/index.php?rest_route=%2Fwp%2Fv2%2Fcategories&post=32814"},{"taxonomy":"post_tag","embeddable":true,"href":"https:\/\/viajamagazine.com\/index.php?rest_route=%2Fwp%2Fv2%2Ftags&post=32814"}],"curies":[{"name":"wp","href":"https:\/\/api.w.org\/{rel}","templated":true}]}}