{"id":32802,"date":"2025-04-24T11:40:08","date_gmt":"2025-04-24T17:40:08","guid":{"rendered":"https:\/\/viajamagazine.com\/?p=32802"},"modified":"2025-04-24T17:40:09","modified_gmt":"2025-04-24T17:40:09","slug":"medio-oriente-ciudad-de-gaza-escuela-israel-ataque-aereo-3","status":"publish","type":"post","link":"https:\/\/viajamagazine.com\/?p=32802","title":{"rendered":"MEDIO ORIENTE-CIUDAD DE GAZA-ESCUELA-ISRAEL-ATAQUE AEREO"},"content":{"rendered":"<div class=\"el-scrollbar__wrap\">\n<div class=\"el-scrollbar__view\">\n<div class=\"news-content\" data-v-1eda797c=\"\">(250423) &#8212; GAZA, 23 abril, 2025 (Xinhua) &#8212; Palestinos son vistos en una escuela tras un ataque a\u00e9reo israel\u00ed, en la Ciudad de Gaza, el 23 de abril de 2025. La agencia de seguridad interna israel\u00ed Shin Bet y el Ej\u00e9rcito informaron el mi\u00e9rcoles que un mort\u00edfero ataque a\u00e9reo nocturno contra una escuela que albergaba a familias desplazadas en el norte de Gaza iba dirigido contra militantes. Las autoridades sanitarias de Gaza informaron que el ataque caus\u00f3 la muerte de al menos 10 personas y provoc\u00f3 incendios en tiendas de campa\u00f1a y aulas de la escuela. (Xinhua\/Rizek Abdeljawad) (jg) (da) (vf)<\/div>\n<\/div>\n<\/div>\n<div class=\"el-scrollbar__bar is-horizontal\"><\/div>\n","protected":false},"excerpt":{"rendered":"<p>(250423) &#8212; GAZA, 23 abril, 2025 (Xinhua) &#8212; Palestinos son vistos en una escuela tras&#8230;<\/p>\n","protected":false},"author":1,"featured_media":32804,"comment_status":"open","ping_status":"closed","sticky":false,"template":"","format":"standard","meta":{"footnotes":""},"categories":[2],"tags":[],"class_list":["post-32802","post","type-post","status-publish","format-standard","has-post-thumbnail","hentry","category-internacional"],"_links":{"self":[{"href":"https:\/\/viajamagazine.com\/index.php?rest_route=\/wp\/v2\/posts\/32802","targetHints":{"allow":["GET"]}}],"collection":[{"href":"https:\/\/viajamagazine.com\/index.php?rest_route=\/wp\/v2\/posts"}],"about":[{"href":"https:\/\/viajamagazine.com\/index.php?rest_route=\/wp\/v2\/types\/post"}],"author":[{"embeddable":true,"href":"https:\/\/viajamagazine.com\/index.php?rest_route=\/wp\/v2\/users\/1"}],"replies":[{"embeddable":true,"href":"https:\/\/viajamagazine.com\/index.php?rest_route=%2Fwp%2Fv2%2Fcomments&post=32802"}],"version-history":[{"count":1,"href":"https:\/\/viajamagazine.com\/index.php?rest_route=\/wp\/v2\/posts\/32802\/revisions"}],"predecessor-version":[{"id":32803,"href":"https:\/\/viajamagazine.com\/index.php?rest_route=\/wp\/v2\/posts\/32802\/revisions\/32803"}],"wp:featuredmedia":[{"embeddable":true,"href":"https:\/\/viajamagazine.com\/index.php?rest_route=\/wp\/v2\/media\/32804"}],"wp:attachment":[{"href":"https:\/\/viajamagazine.com\/index.php?rest_route=%2Fwp%2Fv2%2Fmedia&parent=32802"}],"wp:term":[{"taxonomy":"category","embeddable":true,"href":"https:\/\/viajamagazine.com\/index.php?rest_route=%2Fwp%2Fv2%2Fcategories&post=32802"},{"taxonomy":"post_tag","embeddable":true,"href":"https:\/\/viajamagazine.com\/index.php?rest_route=%2Fwp%2Fv2%2Ftags&post=32802"}],"curies":[{"name":"wp","href":"https:\/\/api.w.org\/{rel}","templated":true}]}}