{"id":32790,"date":"2025-04-24T11:38:39","date_gmt":"2025-04-24T17:38:39","guid":{"rendered":"https:\/\/viajamagazine.com\/?p=32790"},"modified":"2025-04-24T17:38:39","modified_gmt":"2025-04-24T17:38:39","slug":"pakistan-peshawar-vacunacion-contra-la-polio-3","status":"publish","type":"post","link":"https:\/\/viajamagazine.com\/?p=32790","title":{"rendered":"PAKISTAN-PESHAWAR-VACUNACION CONTRA LA POLIO"},"content":{"rendered":"<div class=\"el-scrollbar__wrap\">\n<div class=\"el-scrollbar__view\">\n<div class=\"news-content\" data-v-1eda797c=\"\">(250423) &#8212; PESHAWAR, 23 abril, 2025 (Xinhua) &#8212; Imagen del 21 de abril de 2025 de una trabajadora de la salud marcando a un ni\u00f1o despu\u00e9s de administrarle gotas de la vacuna contra la polio durante la campa\u00f1a de los D\u00edas Nacionales de Inmunizaci\u00f3n, en Peshawar, en el noroeste de Pakist\u00e1n. Pakist\u00e1n ha confirmado su s\u00e9ptimo caso de polio del a\u00f1o despu\u00e9s de que el virus fuera detectado en un ni\u00f1o de la provincia noroccidental de Khyber Pakhtunkhwa, dijo el Ministerio de Servicios Nacionales de Salud en un comunicado el mi\u00e9rcoles. (Xinhua\/Saeed Ahmad) (ah) (ra) (vf)<\/div>\n<\/div>\n<\/div>\n<div class=\"el-scrollbar__bar is-horizontal\"><\/div>\n","protected":false},"excerpt":{"rendered":"<p>(250423) &#8212; PESHAWAR, 23 abril, 2025 (Xinhua) &#8212; Imagen del 21 de abril de 2025&#8230;<\/p>\n","protected":false},"author":1,"featured_media":32792,"comment_status":"open","ping_status":"closed","sticky":false,"template":"","format":"standard","meta":{"footnotes":""},"categories":[2],"tags":[],"class_list":["post-32790","post","type-post","status-publish","format-standard","has-post-thumbnail","hentry","category-internacional"],"_links":{"self":[{"href":"https:\/\/viajamagazine.com\/index.php?rest_route=\/wp\/v2\/posts\/32790","targetHints":{"allow":["GET"]}}],"collection":[{"href":"https:\/\/viajamagazine.com\/index.php?rest_route=\/wp\/v2\/posts"}],"about":[{"href":"https:\/\/viajamagazine.com\/index.php?rest_route=\/wp\/v2\/types\/post"}],"author":[{"embeddable":true,"href":"https:\/\/viajamagazine.com\/index.php?rest_route=\/wp\/v2\/users\/1"}],"replies":[{"embeddable":true,"href":"https:\/\/viajamagazine.com\/index.php?rest_route=%2Fwp%2Fv2%2Fcomments&post=32790"}],"version-history":[{"count":1,"href":"https:\/\/viajamagazine.com\/index.php?rest_route=\/wp\/v2\/posts\/32790\/revisions"}],"predecessor-version":[{"id":32791,"href":"https:\/\/viajamagazine.com\/index.php?rest_route=\/wp\/v2\/posts\/32790\/revisions\/32791"}],"wp:featuredmedia":[{"embeddable":true,"href":"https:\/\/viajamagazine.com\/index.php?rest_route=\/wp\/v2\/media\/32792"}],"wp:attachment":[{"href":"https:\/\/viajamagazine.com\/index.php?rest_route=%2Fwp%2Fv2%2Fmedia&parent=32790"}],"wp:term":[{"taxonomy":"category","embeddable":true,"href":"https:\/\/viajamagazine.com\/index.php?rest_route=%2Fwp%2Fv2%2Fcategories&post=32790"},{"taxonomy":"post_tag","embeddable":true,"href":"https:\/\/viajamagazine.com\/index.php?rest_route=%2Fwp%2Fv2%2Ftags&post=32790"}],"curies":[{"name":"wp","href":"https:\/\/api.w.org\/{rel}","templated":true}]}}