{"id":32769,"date":"2025-04-24T11:35:19","date_gmt":"2025-04-24T17:35:19","guid":{"rendered":"https:\/\/viajamagazine.com\/?p=32769"},"modified":"2025-04-24T17:35:20","modified_gmt":"2025-04-24T17:35:20","slug":"peru-lima-china-dia-internacional-de-la-lengua-china-5","status":"publish","type":"post","link":"https:\/\/viajamagazine.com\/?p=32769","title":{"rendered":"PERU-LIMA-CHINA-DIA INTERNACIONAL DE LA LENGUA CHINA"},"content":{"rendered":"<div class=\"el-scrollbar__wrap\">\n<div class=\"el-scrollbar__view\">\n<div class=\"news-content\" data-v-1eda797c=\"\">(250423) &#8212; LIMA, 23 abril, 2025 (Xinhua) &#8212; Imagen del 22 de abril de 2025 de la profesora, Liang Qing (i), del Instituto Confucio de la Pontificia Universidad Cat\u00f3lica del Per\u00fa (PUCP), instruyendo a una alumna durante un taller de caligraf\u00eda china en el marco de la celebraci\u00f3n del D\u00eda Internacional de la Lengua China, en la Pontificia Universidad Cat\u00f3lica, en Lima, Per\u00fa. Aprender el idioma chino es considerado por los estudiantes del Instituto Confucio de la PUCP como una oportunidad para acercarse a la cultura china, afirm\u00f3 el mi\u00e9rcoles la directora de la instituci\u00f3n en el pa\u00eds sudamericano, Maribel Temoche. (Xinhua\/Mariana Bazo) (mb) (jg) (da) (ce)<\/div>\n<\/div>\n<\/div>\n<div class=\"el-scrollbar__bar is-horizontal\"><\/div>\n","protected":false},"excerpt":{"rendered":"<p>(250423) &#8212; LIMA, 23 abril, 2025 (Xinhua) &#8212; Imagen del 22 de abril de 2025&#8230;<\/p>\n","protected":false},"author":1,"featured_media":32771,"comment_status":"open","ping_status":"closed","sticky":false,"template":"","format":"standard","meta":{"footnotes":""},"categories":[2],"tags":[],"class_list":["post-32769","post","type-post","status-publish","format-standard","has-post-thumbnail","hentry","category-internacional"],"_links":{"self":[{"href":"https:\/\/viajamagazine.com\/index.php?rest_route=\/wp\/v2\/posts\/32769","targetHints":{"allow":["GET"]}}],"collection":[{"href":"https:\/\/viajamagazine.com\/index.php?rest_route=\/wp\/v2\/posts"}],"about":[{"href":"https:\/\/viajamagazine.com\/index.php?rest_route=\/wp\/v2\/types\/post"}],"author":[{"embeddable":true,"href":"https:\/\/viajamagazine.com\/index.php?rest_route=\/wp\/v2\/users\/1"}],"replies":[{"embeddable":true,"href":"https:\/\/viajamagazine.com\/index.php?rest_route=%2Fwp%2Fv2%2Fcomments&post=32769"}],"version-history":[{"count":1,"href":"https:\/\/viajamagazine.com\/index.php?rest_route=\/wp\/v2\/posts\/32769\/revisions"}],"predecessor-version":[{"id":32770,"href":"https:\/\/viajamagazine.com\/index.php?rest_route=\/wp\/v2\/posts\/32769\/revisions\/32770"}],"wp:featuredmedia":[{"embeddable":true,"href":"https:\/\/viajamagazine.com\/index.php?rest_route=\/wp\/v2\/media\/32771"}],"wp:attachment":[{"href":"https:\/\/viajamagazine.com\/index.php?rest_route=%2Fwp%2Fv2%2Fmedia&parent=32769"}],"wp:term":[{"taxonomy":"category","embeddable":true,"href":"https:\/\/viajamagazine.com\/index.php?rest_route=%2Fwp%2Fv2%2Fcategories&post=32769"},{"taxonomy":"post_tag","embeddable":true,"href":"https:\/\/viajamagazine.com\/index.php?rest_route=%2Fwp%2Fv2%2Ftags&post=32769"}],"curies":[{"name":"wp","href":"https:\/\/api.w.org\/{rel}","templated":true}]}}