{"id":32368,"date":"2025-04-23T11:02:42","date_gmt":"2025-04-23T17:02:42","guid":{"rendered":"https:\/\/viajamagazine.com\/?p=32368"},"modified":"2025-04-23T17:02:43","modified_gmt":"2025-04-23T17:02:43","slug":"brasil-brasilia-chile-lula-da-silva-boric-visita-4","status":"publish","type":"post","link":"https:\/\/viajamagazine.com\/?p=32368","title":{"rendered":"BRASIL-BRASILIA-CHILE-LULA DA SILVA-BORIC-VISITA"},"content":{"rendered":"<div class=\"el-scrollbar__wrap\">\n<div class=\"el-scrollbar__view\">\n<div class=\"news-content\" data-v-1eda797c=\"\">(250422) &#8212; BRASILIA, 22 abril, 2025 (Xinhua) &#8212; (De izq. a der.) El ministro de Relaciones Exteriores chileno, Alberto van Klaveren Stork, el presidente chileno, Gabriel Boric, el presidente brasile\u00f1o, Luiz In\u00e1cio Lula da Silva, y el ministro de Relaciones Exteriores brasile\u00f1o, Mauro Vieira, asisten a una ceremonia de bienvenida llevada a cabo en el Palacio de Planalto, en Brasilia, Brasil, el 22 de abril de 2025. Lula da Silva y Boric reafirmaron el martes su compromiso con el multilateralismo, el libre comercio y la integraci\u00f3n regional, as\u00ed como su rechazo a una guerra comercial, a una nueva \u00abGuerra Fr\u00eda\u00bb. (Xinhua\/Lucio Tavora) (lt) (jg) (ra) (ce)<\/div>\n<\/div>\n<\/div>\n<div class=\"el-scrollbar__bar is-horizontal\"><\/div>\n","protected":false},"excerpt":{"rendered":"<p>(250422) &#8212; BRASILIA, 22 abril, 2025 (Xinhua) &#8212; (De izq. a der.) El ministro de&#8230;<\/p>\n","protected":false},"author":1,"featured_media":32370,"comment_status":"open","ping_status":"closed","sticky":false,"template":"","format":"standard","meta":{"footnotes":""},"categories":[2],"tags":[],"class_list":["post-32368","post","type-post","status-publish","format-standard","has-post-thumbnail","hentry","category-internacional"],"_links":{"self":[{"href":"https:\/\/viajamagazine.com\/index.php?rest_route=\/wp\/v2\/posts\/32368","targetHints":{"allow":["GET"]}}],"collection":[{"href":"https:\/\/viajamagazine.com\/index.php?rest_route=\/wp\/v2\/posts"}],"about":[{"href":"https:\/\/viajamagazine.com\/index.php?rest_route=\/wp\/v2\/types\/post"}],"author":[{"embeddable":true,"href":"https:\/\/viajamagazine.com\/index.php?rest_route=\/wp\/v2\/users\/1"}],"replies":[{"embeddable":true,"href":"https:\/\/viajamagazine.com\/index.php?rest_route=%2Fwp%2Fv2%2Fcomments&post=32368"}],"version-history":[{"count":1,"href":"https:\/\/viajamagazine.com\/index.php?rest_route=\/wp\/v2\/posts\/32368\/revisions"}],"predecessor-version":[{"id":32369,"href":"https:\/\/viajamagazine.com\/index.php?rest_route=\/wp\/v2\/posts\/32368\/revisions\/32369"}],"wp:featuredmedia":[{"embeddable":true,"href":"https:\/\/viajamagazine.com\/index.php?rest_route=\/wp\/v2\/media\/32370"}],"wp:attachment":[{"href":"https:\/\/viajamagazine.com\/index.php?rest_route=%2Fwp%2Fv2%2Fmedia&parent=32368"}],"wp:term":[{"taxonomy":"category","embeddable":true,"href":"https:\/\/viajamagazine.com\/index.php?rest_route=%2Fwp%2Fv2%2Fcategories&post=32368"},{"taxonomy":"post_tag","embeddable":true,"href":"https:\/\/viajamagazine.com\/index.php?rest_route=%2Fwp%2Fv2%2Ftags&post=32368"}],"curies":[{"name":"wp","href":"https:\/\/api.w.org\/{rel}","templated":true}]}}