{"id":32344,"date":"2025-04-23T10:56:09","date_gmt":"2025-04-23T16:56:09","guid":{"rendered":"https:\/\/viajamagazine.com\/?p=32344"},"modified":"2025-04-23T16:56:10","modified_gmt":"2025-04-23T16:56:10","slug":"canada-toronto-dia-de-la-tierra-plantacion-de-arboles-3","status":"publish","type":"post","link":"https:\/\/viajamagazine.com\/?p=32344","title":{"rendered":"CANADA-TORONTO-DIA DE LA TIERRA-PLANTACION DE ARBOLES"},"content":{"rendered":"<div class=\"el-scrollbar__wrap\">\n<div class=\"el-scrollbar__view\">\n<div class=\"news-content\" data-v-1eda797c=\"\">(250422) &#8212; TORONTO, 22 abril, 2025 (Xinhua) &#8212; Personas participan en un evento de plantaci\u00f3n de \u00e1rboles en un parque, en Toronto, Canad\u00e1, el 22 de abril de 2025. Unas 160 personas participaron en el evento de plantaci\u00f3n de \u00e1rboles aqu\u00ed el martes para conmemorar el D\u00eda de la Tierra. (Xinhua\/Zou Zheng) (jg) (ra) (ce)<\/div>\n<\/div>\n<\/div>\n<div class=\"el-scrollbar__bar is-horizontal\"><\/div>\n","protected":false},"excerpt":{"rendered":"<p>(250422) &#8212; TORONTO, 22 abril, 2025 (Xinhua) &#8212; Personas participan en un evento de plantaci\u00f3n&#8230;<\/p>\n","protected":false},"author":1,"featured_media":32346,"comment_status":"open","ping_status":"closed","sticky":false,"template":"","format":"standard","meta":{"footnotes":""},"categories":[2],"tags":[],"class_list":["post-32344","post","type-post","status-publish","format-standard","has-post-thumbnail","hentry","category-internacional"],"_links":{"self":[{"href":"https:\/\/viajamagazine.com\/index.php?rest_route=\/wp\/v2\/posts\/32344","targetHints":{"allow":["GET"]}}],"collection":[{"href":"https:\/\/viajamagazine.com\/index.php?rest_route=\/wp\/v2\/posts"}],"about":[{"href":"https:\/\/viajamagazine.com\/index.php?rest_route=\/wp\/v2\/types\/post"}],"author":[{"embeddable":true,"href":"https:\/\/viajamagazine.com\/index.php?rest_route=\/wp\/v2\/users\/1"}],"replies":[{"embeddable":true,"href":"https:\/\/viajamagazine.com\/index.php?rest_route=%2Fwp%2Fv2%2Fcomments&post=32344"}],"version-history":[{"count":1,"href":"https:\/\/viajamagazine.com\/index.php?rest_route=\/wp\/v2\/posts\/32344\/revisions"}],"predecessor-version":[{"id":32345,"href":"https:\/\/viajamagazine.com\/index.php?rest_route=\/wp\/v2\/posts\/32344\/revisions\/32345"}],"wp:featuredmedia":[{"embeddable":true,"href":"https:\/\/viajamagazine.com\/index.php?rest_route=\/wp\/v2\/media\/32346"}],"wp:attachment":[{"href":"https:\/\/viajamagazine.com\/index.php?rest_route=%2Fwp%2Fv2%2Fmedia&parent=32344"}],"wp:term":[{"taxonomy":"category","embeddable":true,"href":"https:\/\/viajamagazine.com\/index.php?rest_route=%2Fwp%2Fv2%2Fcategories&post=32344"},{"taxonomy":"post_tag","embeddable":true,"href":"https:\/\/viajamagazine.com\/index.php?rest_route=%2Fwp%2Fv2%2Ftags&post=32344"}],"curies":[{"name":"wp","href":"https:\/\/api.w.org\/{rel}","templated":true}]}}