{"id":32314,"date":"2025-04-23T10:52:17","date_gmt":"2025-04-23T16:52:17","guid":{"rendered":"https:\/\/viajamagazine.com\/?p=32314"},"modified":"2025-04-23T16:52:18","modified_gmt":"2025-04-23T16:52:18","slug":"peru-lima-dia-internacional-del-libro-3","status":"publish","type":"post","link":"https:\/\/viajamagazine.com\/?p=32314","title":{"rendered":"PERU-LIMA-DIA INTERNACIONAL DEL LIBRO"},"content":{"rendered":"<div class=\"el-scrollbar__wrap\">\n<div class=\"el-scrollbar__view\">\n<div class=\"news-content\" data-v-1eda797c=\"\">(250422) &#8212; LIMA, 22 abril, 2025 (Xinhua) &#8212; Personas visitan una librer\u00eda de segunda mano previo a la celebraci\u00f3n del D\u00eda Internacional del Libro, en el centro de Lima, Per\u00fa, el 22 de abril de 2025. (Xinhua\/Mariana Bazo) (mb) (oa) (ah) (vf)<\/div>\n<\/div>\n<\/div>\n<div class=\"el-scrollbar__bar is-horizontal\"><\/div>\n","protected":false},"excerpt":{"rendered":"<p>(250422) &#8212; LIMA, 22 abril, 2025 (Xinhua) &#8212; Personas visitan una librer\u00eda de segunda mano&#8230;<\/p>\n","protected":false},"author":1,"featured_media":32316,"comment_status":"open","ping_status":"closed","sticky":false,"template":"","format":"standard","meta":{"footnotes":""},"categories":[2],"tags":[],"class_list":["post-32314","post","type-post","status-publish","format-standard","has-post-thumbnail","hentry","category-internacional"],"_links":{"self":[{"href":"https:\/\/viajamagazine.com\/index.php?rest_route=\/wp\/v2\/posts\/32314","targetHints":{"allow":["GET"]}}],"collection":[{"href":"https:\/\/viajamagazine.com\/index.php?rest_route=\/wp\/v2\/posts"}],"about":[{"href":"https:\/\/viajamagazine.com\/index.php?rest_route=\/wp\/v2\/types\/post"}],"author":[{"embeddable":true,"href":"https:\/\/viajamagazine.com\/index.php?rest_route=\/wp\/v2\/users\/1"}],"replies":[{"embeddable":true,"href":"https:\/\/viajamagazine.com\/index.php?rest_route=%2Fwp%2Fv2%2Fcomments&post=32314"}],"version-history":[{"count":1,"href":"https:\/\/viajamagazine.com\/index.php?rest_route=\/wp\/v2\/posts\/32314\/revisions"}],"predecessor-version":[{"id":32315,"href":"https:\/\/viajamagazine.com\/index.php?rest_route=\/wp\/v2\/posts\/32314\/revisions\/32315"}],"wp:featuredmedia":[{"embeddable":true,"href":"https:\/\/viajamagazine.com\/index.php?rest_route=\/wp\/v2\/media\/32316"}],"wp:attachment":[{"href":"https:\/\/viajamagazine.com\/index.php?rest_route=%2Fwp%2Fv2%2Fmedia&parent=32314"}],"wp:term":[{"taxonomy":"category","embeddable":true,"href":"https:\/\/viajamagazine.com\/index.php?rest_route=%2Fwp%2Fv2%2Fcategories&post=32314"},{"taxonomy":"post_tag","embeddable":true,"href":"https:\/\/viajamagazine.com\/index.php?rest_route=%2Fwp%2Fv2%2Ftags&post=32314"}],"curies":[{"name":"wp","href":"https:\/\/api.w.org\/{rel}","templated":true}]}}