{"id":32302,"date":"2025-04-23T10:50:10","date_gmt":"2025-04-23T16:50:10","guid":{"rendered":"https:\/\/viajamagazine.com\/?p=32302"},"modified":"2025-04-23T16:50:11","modified_gmt":"2025-04-23T16:50:11","slug":"eeuu-san-francisco-tigres-voladores-exposicion-fotografica-image","status":"publish","type":"post","link":"https:\/\/viajamagazine.com\/?p=32302","title":{"rendered":"EEUU-SAN FRANCISCO-TIGRES VOLADORES-EXPOSICION FOTOGRAFICA image"},"content":{"rendered":"<div class=\"el-scrollbar__wrap\">\n<div class=\"el-scrollbar__view\">\n<div class=\"news-content\" data-v-1eda797c=\"\">(250422) &#8212; SAN FRANCISCO, 22 abril, 2025 (Xinhua) &#8212; Imagen del 21 de abril de 2025 de invitados asistiendo a la ceremonia de inauguraci\u00f3n de la exposici\u00f3n fotogr\u00e1fica titulada \u00abAmistad Sino-Estadounidense: Tigres Voladores en Guangxi\u00bb en el Sal\u00f3n Conmemorativo de la Guerra del Pac\u00edfico de la Segunda Guerra Mundial, en el Barrio Chino de San Francisco, Estados Unidos. Descendientes de los Tigres Voladores, junto con funcionarios estadounidenses y chinos y activistas de la historia de la Segunda Guerra Mundial, se reunieron aqu\u00ed el lunes para inaugurar una nueva exposici\u00f3n fotogr\u00e1fica que honra el v\u00ednculo hist\u00f3rico entre los pueblos estadounidense y chino durante su lucha conjunta contra el fascismo en la Segunda Guerra Mundial. (Xinhua\/Dong Xudong) (jg) (ra) (ce)<\/div>\n<\/div>\n<\/div>\n<div class=\"el-scrollbar__bar is-horizontal\"><\/div>\n","protected":false},"excerpt":{"rendered":"<p>(250422) &#8212; SAN FRANCISCO, 22 abril, 2025 (Xinhua) &#8212; Imagen del 21 de abril de&#8230;<\/p>\n","protected":false},"author":1,"featured_media":32304,"comment_status":"open","ping_status":"closed","sticky":false,"template":"","format":"standard","meta":{"footnotes":""},"categories":[2],"tags":[],"class_list":["post-32302","post","type-post","status-publish","format-standard","has-post-thumbnail","hentry","category-internacional"],"_links":{"self":[{"href":"https:\/\/viajamagazine.com\/index.php?rest_route=\/wp\/v2\/posts\/32302","targetHints":{"allow":["GET"]}}],"collection":[{"href":"https:\/\/viajamagazine.com\/index.php?rest_route=\/wp\/v2\/posts"}],"about":[{"href":"https:\/\/viajamagazine.com\/index.php?rest_route=\/wp\/v2\/types\/post"}],"author":[{"embeddable":true,"href":"https:\/\/viajamagazine.com\/index.php?rest_route=\/wp\/v2\/users\/1"}],"replies":[{"embeddable":true,"href":"https:\/\/viajamagazine.com\/index.php?rest_route=%2Fwp%2Fv2%2Fcomments&post=32302"}],"version-history":[{"count":1,"href":"https:\/\/viajamagazine.com\/index.php?rest_route=\/wp\/v2\/posts\/32302\/revisions"}],"predecessor-version":[{"id":32303,"href":"https:\/\/viajamagazine.com\/index.php?rest_route=\/wp\/v2\/posts\/32302\/revisions\/32303"}],"wp:featuredmedia":[{"embeddable":true,"href":"https:\/\/viajamagazine.com\/index.php?rest_route=\/wp\/v2\/media\/32304"}],"wp:attachment":[{"href":"https:\/\/viajamagazine.com\/index.php?rest_route=%2Fwp%2Fv2%2Fmedia&parent=32302"}],"wp:term":[{"taxonomy":"category","embeddable":true,"href":"https:\/\/viajamagazine.com\/index.php?rest_route=%2Fwp%2Fv2%2Fcategories&post=32302"},{"taxonomy":"post_tag","embeddable":true,"href":"https:\/\/viajamagazine.com\/index.php?rest_route=%2Fwp%2Fv2%2Ftags&post=32302"}],"curies":[{"name":"wp","href":"https:\/\/api.w.org\/{rel}","templated":true}]}}