{"id":32287,"date":"2025-04-23T10:44:42","date_gmt":"2025-04-23T16:44:42","guid":{"rendered":"https:\/\/viajamagazine.com\/?p=32287"},"modified":"2025-04-23T16:44:43","modified_gmt":"2025-04-23T16:44:43","slug":"china-guizhou-monte-fanjing-mono-de-nariz-chata-6","status":"publish","type":"post","link":"https:\/\/viajamagazine.com\/?p=32287","title":{"rendered":"CHINA-GUIZHOU-MONTE FANJING-MONO DE NARIZ CHATA"},"content":{"rendered":"<div class=\"el-scrollbar__wrap\">\n<div class=\"el-scrollbar__view\">\n<div class=\"news-content\" data-v-1eda797c=\"\">(250422) &#8212; GUIYANG, 22 abril, 2025 (Xinhua) &#8212; Imagen tomada por un dron el 27 de diciembre de 2024 de monos de nariz chata de Guizhou en la Reserva Natural Nacional del Monte Fanjing, en la provincia de Guizhou, en el suroeste de China. El raro mono de nariz chata de Guizhou, o mono dorado de Guizhou, ubicado exclusivamente en la extensi\u00f3n del Monte Fanjing, declarado Patrimonio Natural de la Humanidad por la UNESCO, se encuentra bajo protecci\u00f3n de m\u00e1ximo nivel en China y est\u00e1 catalogado como especie \u00aben peligro cr\u00edtico\u00bb por la Uni\u00f3n Internacional para la Conservaci\u00f3n de la Naturaleza. (Xinhua\/Li He) (oa) (ah) (vf)<\/div>\n<\/div>\n<\/div>\n<div class=\"el-scrollbar__bar is-horizontal\"><\/div>\n","protected":false},"excerpt":{"rendered":"<p>(250422) &#8212; GUIYANG, 22 abril, 2025 (Xinhua) &#8212; Imagen tomada por un dron el 27&#8230;<\/p>\n","protected":false},"author":1,"featured_media":32289,"comment_status":"open","ping_status":"closed","sticky":false,"template":"","format":"standard","meta":{"footnotes":""},"categories":[2],"tags":[],"class_list":["post-32287","post","type-post","status-publish","format-standard","has-post-thumbnail","hentry","category-internacional"],"_links":{"self":[{"href":"https:\/\/viajamagazine.com\/index.php?rest_route=\/wp\/v2\/posts\/32287","targetHints":{"allow":["GET"]}}],"collection":[{"href":"https:\/\/viajamagazine.com\/index.php?rest_route=\/wp\/v2\/posts"}],"about":[{"href":"https:\/\/viajamagazine.com\/index.php?rest_route=\/wp\/v2\/types\/post"}],"author":[{"embeddable":true,"href":"https:\/\/viajamagazine.com\/index.php?rest_route=\/wp\/v2\/users\/1"}],"replies":[{"embeddable":true,"href":"https:\/\/viajamagazine.com\/index.php?rest_route=%2Fwp%2Fv2%2Fcomments&post=32287"}],"version-history":[{"count":1,"href":"https:\/\/viajamagazine.com\/index.php?rest_route=\/wp\/v2\/posts\/32287\/revisions"}],"predecessor-version":[{"id":32288,"href":"https:\/\/viajamagazine.com\/index.php?rest_route=\/wp\/v2\/posts\/32287\/revisions\/32288"}],"wp:featuredmedia":[{"embeddable":true,"href":"https:\/\/viajamagazine.com\/index.php?rest_route=\/wp\/v2\/media\/32289"}],"wp:attachment":[{"href":"https:\/\/viajamagazine.com\/index.php?rest_route=%2Fwp%2Fv2%2Fmedia&parent=32287"}],"wp:term":[{"taxonomy":"category","embeddable":true,"href":"https:\/\/viajamagazine.com\/index.php?rest_route=%2Fwp%2Fv2%2Fcategories&post=32287"},{"taxonomy":"post_tag","embeddable":true,"href":"https:\/\/viajamagazine.com\/index.php?rest_route=%2Fwp%2Fv2%2Ftags&post=32287"}],"curies":[{"name":"wp","href":"https:\/\/api.w.org\/{rel}","templated":true}]}}