{"id":32015,"date":"2025-04-22T22:21:05","date_gmt":"2025-04-23T04:21:05","guid":{"rendered":"https:\/\/viajamagazine.com\/?p=32015"},"modified":"2025-04-23T04:21:06","modified_gmt":"2025-04-23T04:21:06","slug":"nicaragua-reafirma-compromiso-con-paz-mediante-caminatas","status":"publish","type":"post","link":"https:\/\/viajamagazine.com\/?p=32015","title":{"rendered":"Nicaragua reafirma compromiso con paz mediante caminatas"},"content":{"rendered":"<div class=\"el-scrollbar__wrap\">\n<div class=\"el-scrollbar__view\">\n<div class=\"news-content\" data-v-1eda797c=\"\">MANAGUA, 22 abr (Xinhua) &#8212; Decenas de personas marcharon hoy martes en la capital de Nicaragua, como parte de las jornadas de caminatas por la paz que se desarrollan en el pa\u00eds en conmemoraci\u00f3n del fallido Golpe de Estado de 2018. La caminata bajo el lema \u00abPueblo que vence, paz y victorias\u00bb inici\u00f3 en la Plaza de las Victorias de Managua y se extendi\u00f3 hasta la Plaza La Fe, con la participaci\u00f3n de estudiantes, trabajadores y pobladores de los barrios de la capital. \u00abEste mes de abril es de unidad tambi\u00e9n, este mes de abril es de compromiso, este mes de abril es sobre todo de las familias porque esta familia unida es la que vive en esta tierra prometida\u00bb, dijo Julio C\u00e9sar Cruz, uno de los participantes. Durante todo abril, en el pa\u00eds centroamericano se desarrollan jornadas de conmemoraci\u00f3n del triunfo de la paz sobre el intento de Golpe de Estado. Las movilizaciones se realizan en varias ciudades con la participaci\u00f3n de Juventud Sandinista 19 de julio y dem\u00e1s habitantes, entre consignas de que la paz permite a la naci\u00f3n centroamericana prosperar y desarrollar programas productivos y sociales. \u00abVamos a ratificar el compromiso de seguir defendiendo la paz, la soberan\u00eda y nuestra dignidad\u00bb, indic\u00f3 Anielka Sandoval, quien tambi\u00e9n particip\u00f3 en la marcha. En abril de 2024, la Asamblea Nacional de Nicaragua aprob\u00f3 la ley n\u00famero 1197 que declara al periodo como \u00abMes de la Paz\u00bb. Fin<\/div>\n<\/div>\n<\/div>\n<div class=\"el-scrollbar__bar is-horizontal\"><\/div>\n","protected":false},"excerpt":{"rendered":"<p>MANAGUA, 22 abr (Xinhua) &#8212; Decenas de personas marcharon hoy martes en la capital de&#8230;<\/p>\n","protected":false},"author":1,"featured_media":0,"comment_status":"open","ping_status":"closed","sticky":false,"template":"","format":"standard","meta":{"footnotes":""},"categories":[2],"tags":[],"class_list":["post-32015","post","type-post","status-publish","format-standard","hentry","category-internacional"],"_links":{"self":[{"href":"https:\/\/viajamagazine.com\/index.php?rest_route=\/wp\/v2\/posts\/32015","targetHints":{"allow":["GET"]}}],"collection":[{"href":"https:\/\/viajamagazine.com\/index.php?rest_route=\/wp\/v2\/posts"}],"about":[{"href":"https:\/\/viajamagazine.com\/index.php?rest_route=\/wp\/v2\/types\/post"}],"author":[{"embeddable":true,"href":"https:\/\/viajamagazine.com\/index.php?rest_route=\/wp\/v2\/users\/1"}],"replies":[{"embeddable":true,"href":"https:\/\/viajamagazine.com\/index.php?rest_route=%2Fwp%2Fv2%2Fcomments&post=32015"}],"version-history":[{"count":1,"href":"https:\/\/viajamagazine.com\/index.php?rest_route=\/wp\/v2\/posts\/32015\/revisions"}],"predecessor-version":[{"id":32016,"href":"https:\/\/viajamagazine.com\/index.php?rest_route=\/wp\/v2\/posts\/32015\/revisions\/32016"}],"wp:attachment":[{"href":"https:\/\/viajamagazine.com\/index.php?rest_route=%2Fwp%2Fv2%2Fmedia&parent=32015"}],"wp:term":[{"taxonomy":"category","embeddable":true,"href":"https:\/\/viajamagazine.com\/index.php?rest_route=%2Fwp%2Fv2%2Fcategories&post=32015"},{"taxonomy":"post_tag","embeddable":true,"href":"https:\/\/viajamagazine.com\/index.php?rest_route=%2Fwp%2Fv2%2Ftags&post=32015"}],"curies":[{"name":"wp","href":"https:\/\/api.w.org\/{rel}","templated":true}]}}