{"id":32013,"date":"2025-04-22T22:20:51","date_gmt":"2025-04-23T04:20:51","guid":{"rendered":"https:\/\/viajamagazine.com\/?p=32013"},"modified":"2025-04-23T04:20:52","modified_gmt":"2025-04-23T04:20:52","slug":"venezuela-reafirma-su-compromiso-con-el-multilateralismo-y-la-defensa-del-derecho-internacional","status":"publish","type":"post","link":"https:\/\/viajamagazine.com\/?p=32013","title":{"rendered":"Venezuela reafirma su compromiso con el multilateralismo y la defensa del derecho internacional"},"content":{"rendered":"<p>CARACAS, 22 abr (Xinhua) &#8212; Venezuela reiter\u00f3 hoy martes su respaldo a los principios fundacionales de la Carta de las Naciones Unidas (ONU), como el multilateralismo y el respeto al derecho internacional, y expres\u00f3 su preocupaci\u00f3n ante el debilitamiento del sistema internacional por acciones unilaterales que amenazan la estabilidad global. Durante un acto celebrado en la sede de la ONU en Nueva York y en el marco del D\u00eda Internacional del Multilateralismo y la Diplomacia para la Paz, el representante permanente de Venezuela ante esa instancia, Samuel Moncada, subray\u00f3 que el orden multilateral enfrenta riesgos crecientes por pr\u00e1cticas coercitivas, intervenciones externas y la utilizaci\u00f3n del poder como mecanismo de imposici\u00f3n. A juicio del diplom\u00e1tico, estos comportamientos podr\u00edan socavar d\u00e9cadas de esfuerzos colectivos por la paz. \u00abNo podemos permitir que el sistema multilateral que hemos construido juntos termine como la extinta Sociedad de Naciones\u00bb, advirti\u00f3. Asimismo, Moncada alert\u00f3 sobre la sustituci\u00f3n del derecho internacional por una l\u00f3gica de fuerza que, seg\u00fan dijo, amenaza con instaurar una era de inestabilidad prolongada. El representante venezolano rechaz\u00f3 las medidas unilaterales, la instrumentalizaci\u00f3n de los organismos internacionales y la criminalizaci\u00f3n de los migrantes, al tiempo que llam\u00f3 a fortalecer la cooperaci\u00f3n y el respeto mutuo entre naciones soberanas. Reafirm\u00f3 que Venezuela defiende un mundo multic\u00e9ntrico, basado en la igualdad jur\u00eddica de los Estados y en el respeto al derecho internacional, a sus modelos pol\u00edticos, econ\u00f3micos y sociales. \u00abLa soberan\u00eda de los Estados y el principio de igualdad deben ser los cimientos para la soluci\u00f3n pac\u00edfica de los conflictos y los retos globales\u00bb, declar\u00f3 Moncada. El evento fue organizado por el Grupo de Amigos en Defensa de la Carta de las Naciones Unidas, el cual adopt\u00f3 un comunicado especial en respaldo al derecho internacional y en rechazo a las medidas coercitivas que vulneran la autodeterminaci\u00f3n de los pueblos. Fin<\/p>\n","protected":false},"excerpt":{"rendered":"<p>CARACAS, 22 abr (Xinhua) &#8212; Venezuela reiter\u00f3 hoy martes su respaldo a los principios fundacionales&#8230;<\/p>\n","protected":false},"author":1,"featured_media":0,"comment_status":"open","ping_status":"closed","sticky":false,"template":"","format":"standard","meta":{"footnotes":""},"categories":[2],"tags":[],"class_list":["post-32013","post","type-post","status-publish","format-standard","hentry","category-internacional"],"_links":{"self":[{"href":"https:\/\/viajamagazine.com\/index.php?rest_route=\/wp\/v2\/posts\/32013","targetHints":{"allow":["GET"]}}],"collection":[{"href":"https:\/\/viajamagazine.com\/index.php?rest_route=\/wp\/v2\/posts"}],"about":[{"href":"https:\/\/viajamagazine.com\/index.php?rest_route=\/wp\/v2\/types\/post"}],"author":[{"embeddable":true,"href":"https:\/\/viajamagazine.com\/index.php?rest_route=\/wp\/v2\/users\/1"}],"replies":[{"embeddable":true,"href":"https:\/\/viajamagazine.com\/index.php?rest_route=%2Fwp%2Fv2%2Fcomments&post=32013"}],"version-history":[{"count":1,"href":"https:\/\/viajamagazine.com\/index.php?rest_route=\/wp\/v2\/posts\/32013\/revisions"}],"predecessor-version":[{"id":32014,"href":"https:\/\/viajamagazine.com\/index.php?rest_route=\/wp\/v2\/posts\/32013\/revisions\/32014"}],"wp:attachment":[{"href":"https:\/\/viajamagazine.com\/index.php?rest_route=%2Fwp%2Fv2%2Fmedia&parent=32013"}],"wp:term":[{"taxonomy":"category","embeddable":true,"href":"https:\/\/viajamagazine.com\/index.php?rest_route=%2Fwp%2Fv2%2Fcategories&post=32013"},{"taxonomy":"post_tag","embeddable":true,"href":"https:\/\/viajamagazine.com\/index.php?rest_route=%2Fwp%2Fv2%2Ftags&post=32013"}],"curies":[{"name":"wp","href":"https:\/\/api.w.org\/{rel}","templated":true}]}}