{"id":32011,"date":"2025-04-22T22:20:33","date_gmt":"2025-04-23T04:20:33","guid":{"rendered":"https:\/\/viajamagazine.com\/?p=32011"},"modified":"2025-04-23T04:20:34","modified_gmt":"2025-04-23T04:20:34","slug":"brasil-puede-destacar-en-guerra-comercial-de-eeuu-gracias-a-su-mercado-interno-afirma-banco-central","status":"publish","type":"post","link":"https:\/\/viajamagazine.com\/?p=32011","title":{"rendered":"Brasil puede destacar en guerra comercial de EEUU gracias a su mercado interno, afirma Banco Central"},"content":{"rendered":"<p>SAO PAULO, 22 abr (Xinhua) &#8212; Brasil cuenta con la diversificaci\u00f3n comercial y el mercado interno para tener un papel destacado frente a la guerra comercial desatada por Estados Unidos, asegur\u00f3 hoy martes el presidente del Banco Central de Brasil, Gabriel Gal\u00edpolo. \u00abLa diversificaci\u00f3n que Brasil posee en su agenda comercial, sumada a un mercado dom\u00e9stico relevante hicieron que el pa\u00eds se presente como un lugar de protecci\u00f3n. En comparaci\u00f3n con sus pares, Brasil puede destacarse por esa diversidad\u00bb, resalt\u00f3 el directivo durante su exposici\u00f3n ante la Comisi\u00f3n de Asuntos Econ\u00f3micos del Senado. En ese marco, afirm\u00f3 que Brasil, principal econom\u00eda latinoamericana, se encuentra en una posici\u00f3n segura para recibir inversiones internacionales. Estados Unidos impuso una tarifa del 10 por ciento a los productos brasile\u00f1os, pero antes hab\u00eda elevado a 25 por ciento el arancel para acero y aluminio. El pa\u00eds sudamericano tiene a Estados Unidos como su segundo socio comercial desde 2009, detr\u00e1s de China. Fin<\/p>\n","protected":false},"excerpt":{"rendered":"<p>SAO PAULO, 22 abr (Xinhua) &#8212; Brasil cuenta con la diversificaci\u00f3n comercial y el mercado&#8230;<\/p>\n","protected":false},"author":1,"featured_media":0,"comment_status":"open","ping_status":"closed","sticky":false,"template":"","format":"standard","meta":{"footnotes":""},"categories":[2],"tags":[],"class_list":["post-32011","post","type-post","status-publish","format-standard","hentry","category-internacional"],"_links":{"self":[{"href":"https:\/\/viajamagazine.com\/index.php?rest_route=\/wp\/v2\/posts\/32011","targetHints":{"allow":["GET"]}}],"collection":[{"href":"https:\/\/viajamagazine.com\/index.php?rest_route=\/wp\/v2\/posts"}],"about":[{"href":"https:\/\/viajamagazine.com\/index.php?rest_route=\/wp\/v2\/types\/post"}],"author":[{"embeddable":true,"href":"https:\/\/viajamagazine.com\/index.php?rest_route=\/wp\/v2\/users\/1"}],"replies":[{"embeddable":true,"href":"https:\/\/viajamagazine.com\/index.php?rest_route=%2Fwp%2Fv2%2Fcomments&post=32011"}],"version-history":[{"count":1,"href":"https:\/\/viajamagazine.com\/index.php?rest_route=\/wp\/v2\/posts\/32011\/revisions"}],"predecessor-version":[{"id":32012,"href":"https:\/\/viajamagazine.com\/index.php?rest_route=\/wp\/v2\/posts\/32011\/revisions\/32012"}],"wp:attachment":[{"href":"https:\/\/viajamagazine.com\/index.php?rest_route=%2Fwp%2Fv2%2Fmedia&parent=32011"}],"wp:term":[{"taxonomy":"category","embeddable":true,"href":"https:\/\/viajamagazine.com\/index.php?rest_route=%2Fwp%2Fv2%2Fcategories&post=32011"},{"taxonomy":"post_tag","embeddable":true,"href":"https:\/\/viajamagazine.com\/index.php?rest_route=%2Fwp%2Fv2%2Ftags&post=32011"}],"curies":[{"name":"wp","href":"https:\/\/api.w.org\/{rel}","templated":true}]}}