{"id":32009,"date":"2025-04-22T22:20:14","date_gmt":"2025-04-23T04:20:14","guid":{"rendered":"https:\/\/viajamagazine.com\/?p=32009"},"modified":"2025-04-23T04:20:15","modified_gmt":"2025-04-23T04:20:15","slug":"venezuela-impulsa-plan-para-enfrentar-emergencia-climatica","status":"publish","type":"post","link":"https:\/\/viajamagazine.com\/?p=32009","title":{"rendered":"Venezuela impulsa plan para enfrentar emergencia clim\u00e1tica"},"content":{"rendered":"<div class=\"el-scrollbar__wrap\">\n<div class=\"el-scrollbar__view\">\n<div class=\"news-content\" data-v-1eda797c=\"\">CARACAS, 22 abr (Xinhua) &#8212; El presidente de Venezuela, Nicol\u00e1s Maduro, afirm\u00f3 este martes que el pa\u00eds cuenta con un plan para mitigar los efectos de la emergencia clim\u00e1tica global y defender el derecho a la vida, en un contexto que calific\u00f3 como cr\u00edtico para la biosfera terrestre. En su mensaje con motivo del D\u00eda Mundial de la Tierra, el mandatario alert\u00f3 sobre el impacto acelerado de la crisis ambiental, al tiempo que se\u00f1al\u00f3 sus causas estructurales. \u00abCelebramos el D\u00eda Mundial de la Tierra en medio de una verdadera emergencia clim\u00e1tica a todo nivel: calentamiento de los mares, desaparici\u00f3n de especies, grandes inundaciones, sequ\u00edas&#8230;\u00bb, public\u00f3 en la red social Telegram. Maduro responsabiliz\u00f3 al modelo econ\u00f3mico capitalista por lo que describi\u00f3 como un quiebre del equilibrio natural planetario. \u00abEl capitalismo ha demolido, en los \u00faltimos 200 a\u00f1os, los equilibrios b\u00e1sicos del planeta. Por eso, los pueblos saben que solo por la v\u00eda del socialismo, la humanidad podr\u00e1 salvarse y rescatar su armon\u00eda con la naturaleza\u00bb, sostuvo. El presidente asegur\u00f3 que Venezuela cuenta con una estrategia de acci\u00f3n concreta ante esta realidad global. \u00abDesde Venezuela, tenemos un plan para mitigar y enfrentar esta emergencia clim\u00e1tica, y luchar por el derecho a vivir, que se traduce en defender el futuro de nuestros ni\u00f1os y ni\u00f1as. \u00a1Cambiemos el sistema! \u00a1Salvemos a la Pachamama!\u00bb, exclam\u00f3. La fecha, proclamada internacionalmente en 1970 busca generar conciencia sobre la necesidad de proteger el ambiente. Maduro reivindic\u00f3 el papel que deben asumir los Estados y llam\u00f3 a fortalecer las iniciativas colectivas para enfrentar los efectos del cambio clim\u00e1tico. El mandatario anunci\u00f3 la v\u00edspera un plan nacional de prevenci\u00f3n y mitigaci\u00f3n de riesgos ante el incipiente ciclo lluvioso en el pa\u00eds. \u00abTenemos que prepararnos: preparar las ciudades, los pueblos, las maquinarias y las medidas preventivas. Proteger la vida es lo m\u00e1s importante\u00bb, enfatiz\u00f3. Fin<\/div>\n<\/div>\n<\/div>\n<div class=\"el-scrollbar__bar is-horizontal\"><\/div>\n","protected":false},"excerpt":{"rendered":"<p>CARACAS, 22 abr (Xinhua) &#8212; El presidente de Venezuela, Nicol\u00e1s Maduro, afirm\u00f3 este martes que&#8230;<\/p>\n","protected":false},"author":1,"featured_media":0,"comment_status":"open","ping_status":"closed","sticky":false,"template":"","format":"standard","meta":{"footnotes":""},"categories":[2],"tags":[],"class_list":["post-32009","post","type-post","status-publish","format-standard","hentry","category-internacional"],"_links":{"self":[{"href":"https:\/\/viajamagazine.com\/index.php?rest_route=\/wp\/v2\/posts\/32009","targetHints":{"allow":["GET"]}}],"collection":[{"href":"https:\/\/viajamagazine.com\/index.php?rest_route=\/wp\/v2\/posts"}],"about":[{"href":"https:\/\/viajamagazine.com\/index.php?rest_route=\/wp\/v2\/types\/post"}],"author":[{"embeddable":true,"href":"https:\/\/viajamagazine.com\/index.php?rest_route=\/wp\/v2\/users\/1"}],"replies":[{"embeddable":true,"href":"https:\/\/viajamagazine.com\/index.php?rest_route=%2Fwp%2Fv2%2Fcomments&post=32009"}],"version-history":[{"count":1,"href":"https:\/\/viajamagazine.com\/index.php?rest_route=\/wp\/v2\/posts\/32009\/revisions"}],"predecessor-version":[{"id":32010,"href":"https:\/\/viajamagazine.com\/index.php?rest_route=\/wp\/v2\/posts\/32009\/revisions\/32010"}],"wp:attachment":[{"href":"https:\/\/viajamagazine.com\/index.php?rest_route=%2Fwp%2Fv2%2Fmedia&parent=32009"}],"wp:term":[{"taxonomy":"category","embeddable":true,"href":"https:\/\/viajamagazine.com\/index.php?rest_route=%2Fwp%2Fv2%2Fcategories&post=32009"},{"taxonomy":"post_tag","embeddable":true,"href":"https:\/\/viajamagazine.com\/index.php?rest_route=%2Fwp%2Fv2%2Ftags&post=32009"}],"curies":[{"name":"wp","href":"https:\/\/api.w.org\/{rel}","templated":true}]}}