{"id":32007,"date":"2025-04-22T22:18:00","date_gmt":"2025-04-23T04:18:00","guid":{"rendered":"https:\/\/viajamagazine.com\/?p=32007"},"modified":"2025-04-23T04:18:01","modified_gmt":"2025-04-23T04:18:01","slug":"especial-colombia-celebra-el-dia-de-la-tierra-uniendo-ciencia-historia-y-naturaleza-en-el-observatorio-astronomico-nacional","status":"publish","type":"post","link":"https:\/\/viajamagazine.com\/?p=32007","title":{"rendered":"Especial: Colombia celebra el D\u00eda de la Tierra uniendo ciencia, historia y naturaleza en el Observatorio Astron\u00f3mico Nacional"},"content":{"rendered":"<p>Por C\u00e9sar Mari\u00f1o Garc\u00eda BOGOT\u00c1, 22 abr (Xinhua) &#8212; Bogot\u00e1 conmemor\u00f3 el D\u00eda Mundial de la Tierra con la renovaci\u00f3n de los jardines del Observatorio Astron\u00f3mico Nacional, un proyecto liderado por el Jard\u00edn Bot\u00e1nico que busca integrar la conservaci\u00f3n ambiental con la memoria cient\u00edfica e hist\u00f3rica de la capital colombiana. Con la plantaci\u00f3n de tres especies de \u00e1rboles aut\u00f3ctonos de Colombia, parte del legado de la hist\u00f3rica Expedici\u00f3n Bot\u00e1nica liderada por Jos\u00e9 Celestino Mutis entre los siglos XVIII y XIX, se concluyeron los trabajos de renovaci\u00f3n de m\u00e1s de 122 metros cuadrados de jardines que rodean el observatorio. \u00abHoy en Bogot\u00e1 y en Colombia estamos uniendo la historia, estamos uniendo la historia de la ciencia, la historia del pa\u00eds con nuestra capacidad de adaptarnos a trav\u00e9s de las coberturas vegetales\u00bb, se\u00f1al\u00f3 Mar\u00eda Claudia Garc\u00eda, directora del Jard\u00edn Bot\u00e1nico de Bogot\u00e1, en entrevista con Xinhua. Resalt\u00f3 que este espacio objeto de renovaci\u00f3n \u00abexiste desde 1803 y es muy importante no solamente porque aqu\u00ed se empez\u00f3 a desarrollar la astronom\u00eda y se trajeron las plantas de la Expedici\u00f3n Bot\u00e1nica, sino tambi\u00e9n porque en este edificio se gest\u00f3 parte de la independencia de Colombia\u00bb. Explic\u00f3 que el programa de renovaci\u00f3n pretende divulgar el patrimonio cient\u00edfico colombiano a toda la ciudadan\u00eda, pues \u00abse trata, a trav\u00e9s de la ciencia, de recuperar especies hist\u00f3ricas y ense\u00f1ar su significado y c\u00f3mo cuidarlas\u00bb. Garc\u00eda hizo \u00e9nfasis en la importancia de evidenciar que la infraestructura de la ciudad y la biodiversidad del pa\u00eds deben \u00abengranarse, con el objetivo de enfrentar el cambio clim\u00e1tico y la p\u00e9rdida de biodiversidad\u00bb. El Observatorio Astron\u00f3mico Nacional se encuentra en Casa de Nari\u00f1o, palacio presidencial, y durante sus 222 a\u00f1os de historia ha sido escenario de la transformaci\u00f3n cient\u00edfica y cultural del pa\u00eds sudamericano, destac\u00e1ndose por ser, en sus or\u00edgenes, la edificaci\u00f3n m\u00e1s alta de la ciudad y lugar de encuentro de los m\u00e1s destacados sabios de la \u00e9poca. Por su parte, Mario Armando Higuera Garz\u00f3n, director del Observatorio Astron\u00f3mico Nacional, dijo a Xinhua que \u00abel edificio, adem\u00e1s de ser heredero de la Expedici\u00f3n Bot\u00e1nica, cumpl\u00eda con ser un punto de referencia en la superficie geogr\u00e1fica para saber en qu\u00e9 posici\u00f3n estamos con respecto a los dem\u00e1s observatorios del mundo, como los de C\u00e1diz (Espa\u00f1a), Greenwich (Reino Unido) y Par\u00eds (Francia)\u00bb. \u00abEl observatorio tambi\u00e9n fue esencial para fijar los l\u00edmites territoriales dentro de sus primeras expediciones orogr\u00e1ficas para la creaci\u00f3n de lo que se llam\u00f3 la Gran Colombia y despu\u00e9s el territorio colombiano\u00bb, detall\u00f3 el f\u00edsico y astr\u00f3nomo. Los trabajos de renovaci\u00f3n comprendieron la plantaci\u00f3n de 1.400 \u00e1rboles entre los que destacan el t\u00e9 bogotano, la quina y la feijoa, cuya producci\u00f3n hace parte trascendental de la historia cient\u00edfica colombiana. El espacio estar\u00e1 abierto al p\u00fablico mediante visitas guiadas, en las que los ciudadanos conocer\u00e1n el valor de las especies nativas del norte de Sudam\u00e9rica, al tiempo que descubren el legado hist\u00f3rico del observatorio. El D\u00eda Mundial de la Tierra se celebra cada 22 de abril y para este a\u00f1o cont\u00f3 con el lema \u00abNuestro Poder, Nuestro Planeta\u00bb. Fin<\/p>\n","protected":false},"excerpt":{"rendered":"<p>Por C\u00e9sar Mari\u00f1o Garc\u00eda BOGOT\u00c1, 22 abr (Xinhua) &#8212; Bogot\u00e1 conmemor\u00f3 el D\u00eda Mundial de&#8230;<\/p>\n","protected":false},"author":1,"featured_media":0,"comment_status":"open","ping_status":"closed","sticky":false,"template":"","format":"standard","meta":{"footnotes":""},"categories":[2],"tags":[],"class_list":["post-32007","post","type-post","status-publish","format-standard","hentry","category-internacional"],"_links":{"self":[{"href":"https:\/\/viajamagazine.com\/index.php?rest_route=\/wp\/v2\/posts\/32007","targetHints":{"allow":["GET"]}}],"collection":[{"href":"https:\/\/viajamagazine.com\/index.php?rest_route=\/wp\/v2\/posts"}],"about":[{"href":"https:\/\/viajamagazine.com\/index.php?rest_route=\/wp\/v2\/types\/post"}],"author":[{"embeddable":true,"href":"https:\/\/viajamagazine.com\/index.php?rest_route=\/wp\/v2\/users\/1"}],"replies":[{"embeddable":true,"href":"https:\/\/viajamagazine.com\/index.php?rest_route=%2Fwp%2Fv2%2Fcomments&post=32007"}],"version-history":[{"count":1,"href":"https:\/\/viajamagazine.com\/index.php?rest_route=\/wp\/v2\/posts\/32007\/revisions"}],"predecessor-version":[{"id":32008,"href":"https:\/\/viajamagazine.com\/index.php?rest_route=\/wp\/v2\/posts\/32007\/revisions\/32008"}],"wp:attachment":[{"href":"https:\/\/viajamagazine.com\/index.php?rest_route=%2Fwp%2Fv2%2Fmedia&parent=32007"}],"wp:term":[{"taxonomy":"category","embeddable":true,"href":"https:\/\/viajamagazine.com\/index.php?rest_route=%2Fwp%2Fv2%2Fcategories&post=32007"},{"taxonomy":"post_tag","embeddable":true,"href":"https:\/\/viajamagazine.com\/index.php?rest_route=%2Fwp%2Fv2%2Ftags&post=32007"}],"curies":[{"name":"wp","href":"https:\/\/api.w.org\/{rel}","templated":true}]}}