{"id":32001,"date":"2025-04-22T22:16:46","date_gmt":"2025-04-23T04:16:46","guid":{"rendered":"https:\/\/viajamagazine.com\/?p=32001"},"modified":"2025-04-23T04:16:47","modified_gmt":"2025-04-23T04:16:47","slug":"cuba-vacuna-a-casi-medio-millon-de-ninos-contra-la-poliomielitis","status":"publish","type":"post","link":"https:\/\/viajamagazine.com\/?p=32001","title":{"rendered":"Cuba vacuna a casi medio mill\u00f3n de ni\u00f1os contra la poliomielitis"},"content":{"rendered":"<p>LA HABANA, 22 abr (Xinhua) &#8212; Cuba inici\u00f3 esta semana la vacunaci\u00f3n contra la poliomielitis de casi medio mill\u00f3n de ni\u00f1os de m\u00e1s de un mes de nacidos y sin cumplir los tres a\u00f1os, como parte de la primera etapa de la 64 Campa\u00f1a de Vacunaci\u00f3n Antipoliomiel\u00edtica Oral Bivalente, que se extender\u00e1 hasta el s\u00e1bado. Tal es el caso del peque\u00f1o Dami\u00e1n, que es llevado a inmunizar por su madre Sara Garc\u00eda ya como una costumbre que practica por tercer a\u00f1o consecutivo. \u00abLas madres estamos acostumbradas a cumplir ese proceso de vacunaci\u00f3n\u00bb, dijo a Xinhua la joven Sara, parada ante la puerta de una policl\u00ednica ubicada en la barriada del Vedado, en La Habana. En una segunda etapa de la campa\u00f1a, que se realizar\u00e1 del 16 al 21 de junio, esos ni\u00f1os recibir\u00e1n otra dosis y se les reactivar\u00e1 la vacuna antipoliomiel\u00edtica a los infantes de 9 a\u00f1os, en cumplimiento del Programa Nacional de Inmunizaci\u00f3n establecido por el Ministerio de Salud P\u00fablica (Minsap). La ni\u00f1a Yenisey Mart\u00ednez tambi\u00e9n recibi\u00f3 la inmunizaci\u00f3n, pero fue a la posta m\u00e9dica acompa\u00f1ada por su abuela Olga Guzm\u00e1n, una cincuentona que destac\u00f3 la importancia de la vacunaci\u00f3n. \u00abYo tambi\u00e9n recib\u00ed esa vacuna cuando era ni\u00f1a y comprendo muy bien la necesidad de inmunizar a mi nieta\u00bb, subray\u00f3 la abuela. En ese sentido, la directora del Programa Nacional de Inmunizaci\u00f3n del Minsap, doctora Lena L\u00f3pez, destac\u00f3 en un comunicado oficial la importancia de la participaci\u00f3n familiar. \u00abLa participaci\u00f3n activa y responsable de los padres asegura no solo la salud de sus propios hijos, sino tambi\u00e9n la protecci\u00f3n colectiva de toda la poblaci\u00f3n\u00bb, afirm\u00f3 la especialista. La doctora L\u00f3pez se\u00f1al\u00f3 que \u00abvacunar es salvar vidas\u00bb, pues, dijo, la inmunizaci\u00f3n no solo previene enfermedades, sino que tambi\u00e9n fortalece el sistema de salud y preserva el bienestar de las futuras generaciones. Los cubanos menores de 60 a\u00f1os est\u00e1n protegidos contra la enfermedad debido a las campa\u00f1as anuales de inmunizaci\u00f3n iniciadas en 1962, con 99,5 por ciento de cobertura de vacunaci\u00f3n en los diferentes grupos de la poblaci\u00f3n. Como resultado de las campa\u00f1as anuales de vacunaci\u00f3n, Cuba recibi\u00f3 en 1995 la certificaci\u00f3n de erradicaci\u00f3n de la poliomielitis por la Organizaci\u00f3n Panamericana de la Salud y fue el primer pa\u00eds latinoamericano en alcanzar ese reconocimiento. Fin<\/p>\n","protected":false},"excerpt":{"rendered":"<p>LA HABANA, 22 abr (Xinhua) &#8212; Cuba inici\u00f3 esta semana la vacunaci\u00f3n contra la poliomielitis&#8230;<\/p>\n","protected":false},"author":1,"featured_media":0,"comment_status":"open","ping_status":"closed","sticky":false,"template":"","format":"standard","meta":{"footnotes":""},"categories":[2],"tags":[],"class_list":["post-32001","post","type-post","status-publish","format-standard","hentry","category-internacional"],"_links":{"self":[{"href":"https:\/\/viajamagazine.com\/index.php?rest_route=\/wp\/v2\/posts\/32001","targetHints":{"allow":["GET"]}}],"collection":[{"href":"https:\/\/viajamagazine.com\/index.php?rest_route=\/wp\/v2\/posts"}],"about":[{"href":"https:\/\/viajamagazine.com\/index.php?rest_route=\/wp\/v2\/types\/post"}],"author":[{"embeddable":true,"href":"https:\/\/viajamagazine.com\/index.php?rest_route=\/wp\/v2\/users\/1"}],"replies":[{"embeddable":true,"href":"https:\/\/viajamagazine.com\/index.php?rest_route=%2Fwp%2Fv2%2Fcomments&post=32001"}],"version-history":[{"count":1,"href":"https:\/\/viajamagazine.com\/index.php?rest_route=\/wp\/v2\/posts\/32001\/revisions"}],"predecessor-version":[{"id":32002,"href":"https:\/\/viajamagazine.com\/index.php?rest_route=\/wp\/v2\/posts\/32001\/revisions\/32002"}],"wp:attachment":[{"href":"https:\/\/viajamagazine.com\/index.php?rest_route=%2Fwp%2Fv2%2Fmedia&parent=32001"}],"wp:term":[{"taxonomy":"category","embeddable":true,"href":"https:\/\/viajamagazine.com\/index.php?rest_route=%2Fwp%2Fv2%2Fcategories&post=32001"},{"taxonomy":"post_tag","embeddable":true,"href":"https:\/\/viajamagazine.com\/index.php?rest_route=%2Fwp%2Fv2%2Ftags&post=32001"}],"curies":[{"name":"wp","href":"https:\/\/api.w.org\/{rel}","templated":true}]}}