{"id":31999,"date":"2025-04-22T22:16:22","date_gmt":"2025-04-23T04:16:22","guid":{"rendered":"https:\/\/viajamagazine.com\/?p=31999"},"modified":"2025-04-23T04:16:23","modified_gmt":"2025-04-23T04:16:23","slug":"bolivia-enfrenta-un-deficit-exponencial-de-combustibles-reconoce-vicepresidente-de-ypfb","status":"publish","type":"post","link":"https:\/\/viajamagazine.com\/?p=31999","title":{"rendered":"Bolivia enfrenta un d\u00e9ficit \u00abexponencial\u00bb de combustibles, reconoce vicepresidente de YPFB"},"content":{"rendered":"<p>LA PAZ, 22 abr (Xinhua) &#8212; Bolivia enfrenta un d\u00e9ficit \u00abexponencial\u00bb de combustibles debido a la ca\u00edda en la producci\u00f3n, falta de planificaci\u00f3n durante la \u00faltima d\u00e9cada, aumento sostenido de la demanda y una escasa inversi\u00f3n en exploraci\u00f3n, se\u00f1al\u00f3 este martes Ariel Monta\u00f1o, vicepresidente de Operaciones de la estatal Yacimientos Petrol\u00edferos Fiscales Bolivianos (YPFB). Expres\u00f3 que la falta de planificaci\u00f3n en la \u00faltima d\u00e9cada ha dejado al pa\u00eds con un margen de maniobra limitado y una dependencia cada vez mayor de las importaciones. \u00abLa demanda de combustibles en Bolivia ha crecido entre un 5 y 7 por ciento anual durante los \u00faltimos 15 a\u00f1os. En contrapartida, la producci\u00f3n nacional ha sido decreciente\u00bb, sostuvo Monta\u00f1o, en presencia de autoridades legislativas y representantes del sector energ\u00e9tico durante un evento sobre importaci\u00f3n de combustibles realizado en Santa Cruz. Monta\u00f1o dijo que esta situaci\u00f3n ha obligado a YPFB a importar cada a\u00f1o mayores vol\u00famenes de di\u00e9sel y gasolina para cubrir esta merma, \u00abun d\u00e9ficit que ha crecido de manera exponencial\u00bb. \u00abLa falta de proyecci\u00f3n en el sector de la pasada d\u00e9cada ha llevado a una situaci\u00f3n de bastantes desaf\u00edos. Cuando la actual administraci\u00f3n asume YPFB, se identifican algunas situaciones predecibles, pero ya inevitables\u00bb, explic\u00f3. Seg\u00fan el ejecutivo, los largos ciclos de exploraci\u00f3n y desarrollo de nuevos campos han dejado a la empresa con escaso margen de maniobra. Como contrapeso, el vicepresidente de Operaciones destac\u00f3 avances recientes como el descubrimiento del campo Mayaya, uno de los reservorios que promete mucho, la operaci\u00f3n de la planta de biodi\u00e9sel 1 en Santa Cruz y la pr\u00f3xima inauguraci\u00f3n de una segunda planta en La Paz, adem\u00e1s de una instalaci\u00f3n para procesar Aceite Vegetal Hidrotratado. Fin<\/p>\n","protected":false},"excerpt":{"rendered":"<p>LA PAZ, 22 abr (Xinhua) &#8212; Bolivia enfrenta un d\u00e9ficit \u00abexponencial\u00bb de combustibles debido a&#8230;<\/p>\n","protected":false},"author":1,"featured_media":0,"comment_status":"open","ping_status":"closed","sticky":false,"template":"","format":"standard","meta":{"footnotes":""},"categories":[2],"tags":[],"class_list":["post-31999","post","type-post","status-publish","format-standard","hentry","category-internacional"],"_links":{"self":[{"href":"https:\/\/viajamagazine.com\/index.php?rest_route=\/wp\/v2\/posts\/31999","targetHints":{"allow":["GET"]}}],"collection":[{"href":"https:\/\/viajamagazine.com\/index.php?rest_route=\/wp\/v2\/posts"}],"about":[{"href":"https:\/\/viajamagazine.com\/index.php?rest_route=\/wp\/v2\/types\/post"}],"author":[{"embeddable":true,"href":"https:\/\/viajamagazine.com\/index.php?rest_route=\/wp\/v2\/users\/1"}],"replies":[{"embeddable":true,"href":"https:\/\/viajamagazine.com\/index.php?rest_route=%2Fwp%2Fv2%2Fcomments&post=31999"}],"version-history":[{"count":1,"href":"https:\/\/viajamagazine.com\/index.php?rest_route=\/wp\/v2\/posts\/31999\/revisions"}],"predecessor-version":[{"id":32000,"href":"https:\/\/viajamagazine.com\/index.php?rest_route=\/wp\/v2\/posts\/31999\/revisions\/32000"}],"wp:attachment":[{"href":"https:\/\/viajamagazine.com\/index.php?rest_route=%2Fwp%2Fv2%2Fmedia&parent=31999"}],"wp:term":[{"taxonomy":"category","embeddable":true,"href":"https:\/\/viajamagazine.com\/index.php?rest_route=%2Fwp%2Fv2%2Fcategories&post=31999"},{"taxonomy":"post_tag","embeddable":true,"href":"https:\/\/viajamagazine.com\/index.php?rest_route=%2Fwp%2Fv2%2Ftags&post=31999"}],"curies":[{"name":"wp","href":"https:\/\/api.w.org\/{rel}","templated":true}]}}