{"id":31989,"date":"2025-04-22T22:14:36","date_gmt":"2025-04-23T04:14:36","guid":{"rendered":"https:\/\/viajamagazine.com\/?p=31989"},"modified":"2025-04-23T04:14:37","modified_gmt":"2025-04-23T04:14:37","slug":"exportadores-mexicanos-podrian-recurrir-mas-a-t-mec-ante-aranceles-de-eeuu-considera-bbva","status":"publish","type":"post","link":"https:\/\/viajamagazine.com\/?p=31989","title":{"rendered":"Exportadores mexicanos podr\u00edan recurrir m\u00e1s a T-MEC ante aranceles de EEUU, considera BBVA"},"content":{"rendered":"<p>M\u00c9XICO, 22 abr (Xinhua) &#8212; Exportadores mexicanos que previamente evitaban utilizar el Tratado M\u00e9xico-Estados Unidos-Canad\u00e1 (T-MEC) de libre comercio por costos administrativos, podr\u00edan recurrir m\u00e1s al pacto ante la imposici\u00f3n de aranceles del Gobierno estadounidense, estim\u00f3 hoy martes el Grupo Financiero Banco Bilbao Vizcaya Argentaria (BBVA). En el reporte especial \u00abEl rompecabezas arancelario de M\u00e9xico: m\u00e1s complejo de lo que parece\u00bb, la instituci\u00f3n financiera detall\u00f3 que en el 2024 M\u00e9xico export\u00f3 mercanc\u00edas por 505.900 millones de d\u00f3lares a Estados Unidos y de ese monto, 48,9 por ciento se realiz\u00f3 bajo el T-MEC y el 51,1 por ciento restante lo hizo fuera del pacto. La composici\u00f3n podr\u00eda cambiar una vez que la administraci\u00f3n del presidente Donald Trump anunci\u00f3 aranceles del 25 por ciento a la industria automotriz, as\u00ed como a la importaci\u00f3n de acero y aluminio. \u00abMuchos exportadores que previamente evitaban utilizar el T-MEC por los costos administrativos de demostrar cumplimiento con las reglas de origen estar\u00edan reevaluando su decisi\u00f3n ante el nuevo entorno arancelario\u00bb, apunt\u00f3 BBVA. En el caso del sector automotriz, se espera que en el corto plazo se documente \u00abde manera sistem\u00e1tica\u00bb el contenido estadounidense de las exportaciones, lo que permitir\u00e1 aplicar deducciones arancelarias y reducir significativamente la carga fiscal, subray\u00f3. La instituci\u00f3n privada dijo que la pol\u00edtica industrial de M\u00e9xico debe centrarse en maximizar el porcentaje de comercio que se realiza bajo el amparo del T-MEC, para reducir el arancel promedio que enfrentan las exportaciones mexicanas. Para alcanzar el objetivo, es necesario crear un padr\u00f3n nacional de proveedores, que permita a las empresas exportadoras identificar a los participantes locales para que puedan ayudarlas a cumplir con las reglas de origen del T-MEC y, con ello, aumentar el porcentaje de exportaciones elegibles bajo el tratado. Para esto, \u00abes fundamental reducir la incertidumbre jur\u00eddica derivada de la reforma al sistema judicial, as\u00ed como incrementar la inversi\u00f3n privada en el sector el\u00e9ctrico, elementos clave para consolidar a M\u00e9xico como un destino competitivo y confiable para el capital internacional\u00bb, apunt\u00f3. Expertos han advertido sobre una mayor desaceleraci\u00f3n de la econom\u00eda mexicana e incluso una recesi\u00f3n, ante la imposici\u00f3n de aranceles por parte del Gobierno estadounidense. La econom\u00eda de M\u00e9xico, la segunda mayor de Am\u00e9rica Latina despu\u00e9s de Brasil, se desaceler\u00f3 en el 2024 para crecer 1,5 por ciento, desde el 3,3 por ciento del a\u00f1o precedente, de acuerdo con las cifras oficiales m\u00e1s recientes. Fin<\/p>\n","protected":false},"excerpt":{"rendered":"<p>M\u00c9XICO, 22 abr (Xinhua) &#8212; Exportadores mexicanos que previamente evitaban utilizar el Tratado M\u00e9xico-Estados Unidos-Canad\u00e1&#8230;<\/p>\n","protected":false},"author":1,"featured_media":0,"comment_status":"open","ping_status":"closed","sticky":false,"template":"","format":"standard","meta":{"footnotes":""},"categories":[2],"tags":[],"class_list":["post-31989","post","type-post","status-publish","format-standard","hentry","category-internacional"],"_links":{"self":[{"href":"https:\/\/viajamagazine.com\/index.php?rest_route=\/wp\/v2\/posts\/31989","targetHints":{"allow":["GET"]}}],"collection":[{"href":"https:\/\/viajamagazine.com\/index.php?rest_route=\/wp\/v2\/posts"}],"about":[{"href":"https:\/\/viajamagazine.com\/index.php?rest_route=\/wp\/v2\/types\/post"}],"author":[{"embeddable":true,"href":"https:\/\/viajamagazine.com\/index.php?rest_route=\/wp\/v2\/users\/1"}],"replies":[{"embeddable":true,"href":"https:\/\/viajamagazine.com\/index.php?rest_route=%2Fwp%2Fv2%2Fcomments&post=31989"}],"version-history":[{"count":1,"href":"https:\/\/viajamagazine.com\/index.php?rest_route=\/wp\/v2\/posts\/31989\/revisions"}],"predecessor-version":[{"id":31990,"href":"https:\/\/viajamagazine.com\/index.php?rest_route=\/wp\/v2\/posts\/31989\/revisions\/31990"}],"wp:attachment":[{"href":"https:\/\/viajamagazine.com\/index.php?rest_route=%2Fwp%2Fv2%2Fmedia&parent=31989"}],"wp:term":[{"taxonomy":"category","embeddable":true,"href":"https:\/\/viajamagazine.com\/index.php?rest_route=%2Fwp%2Fv2%2Fcategories&post=31989"},{"taxonomy":"post_tag","embeddable":true,"href":"https:\/\/viajamagazine.com\/index.php?rest_route=%2Fwp%2Fv2%2Ftags&post=31989"}],"curies":[{"name":"wp","href":"https:\/\/api.w.org\/{rel}","templated":true}]}}